{"id":26211,"date":"2021-07-23T11:30:39","date_gmt":"2021-07-23T09:30:39","guid":{"rendered":"https:\/\/wtw.waw.pl\/?p=26211"},"modified":"2021-07-23T11:30:39","modified_gmt":"2021-07-23T09:30:39","slug":"nasza-nowa-czworka-przeszla-chrzest-bojowy","status":"publish","type":"post","link":"https:\/\/wpserwis.cfolks.pl\/r2\/nasza-nowa-czworka-przeszla-chrzest-bojowy\/","title":{"rendered":"NASZA NOWA CZW\u00d3RKA PRZESZ\u0141A CHRZEST BOJOWY!"},"content":{"rendered":"\n<p><strong>Nasza nowa czw\u00f3rka (rakieta w\u015br\u00f3d \u0142\u00f3dek) chrzest regatowy odby\u0142a ju\u017c na Mistrzostwach Polski w Kruszwicy, w ubieg\u0142y weekend! Wtedy to nasza m\u0119ska 4- Junior\u00f3w wywalczy\u0142a na niej br\u0105zowy medal! Pora na kolejny test i przestawienie na 4x, gdy\u017c w tej konkurencji powalcz\u0105 na niej nasi M\u0142odzie\u017cowcy w ramach Enea Mistrzostw Polski, kt\u00f3re odb\u0119d\u0105 si\u0119 31.07-01.08 w Poznaniu. <\/strong><\/p>\n\n\n\n<p>Cieszymy si\u0119, \u017ce \u0142\u00f3dka sprawuje si\u0119 rewelacyjnie, a zawodnicy maj\u0105 mo\u017cliwo\u015b\u0107 p\u0142ywania na sprz\u0119cie najlepszej klasy! I to wszystko dzi\u0119ki ogromnej pomocy wszystkich przyjaznych nam os\u00f3b! <\/p>\n\n\n\n<p>Pozdrowienia z Mikorzyna, gdzie przebywaj\u0105 M\u0142odzie\u017cowcy oraz M\u0142odzicy przygotowuj\u0105cy si\u0119 do Mistrzostw Polski! Wczoraj ze zgrupowania wyjechali Juniorzy M\u0142odsi, kt\u00f3rzy jutro rozpoczn\u0105 rywalizacj\u0119 na torze w Kruszwicy, w ramach Mistrzostw Polski Junior\u00f3w M\u0142odszych, Og\u00f3lnopolskiej Olimpiady M\u0142odzie\u017cy. <\/p>\n\n\n\n<p><strong>\u017byczymy powodzenia i po\u0142amania wiose\u0142!<\/strong><\/p>\n\n\n\n<figure class=\"wp-block-image size-large\"><a href=\"https:\/\/wpserwis.cfolks.pl\/r2\/wp-content\/uploads\/2021\/07\/4-2.jpg\"><img decoding=\"async\" src=\"https:\/\/wpserwis.cfolks.pl\/r2\/wp-content\/uploads\/2021\/07\/4-2.jpg\" alt=\"\" class=\"wp-image-26213\"\/><\/a><\/figure>\n","protected":false},"excerpt":{"rendered":"<p>Nasza nowa czw\u00f3rka (rakieta w\u015br\u00f3d \u0142\u00f3dek) chrzest regatowy odby\u0142a ju\u017c na Mistrzostwach Polski w Kruszwicy, w ubieg\u0142y weekend! Wtedy to nasza m\u0119ska 4- Junior\u00f3w wywalczy\u0142a na niej br\u0105zowy medal! Pora na kolejny test i przestawienie na 4x, gdy\u017c w tej konkurencji powalcz\u0105 na niej nasi M\u0142odzie\u017cowcy w ramach Enea Mistrzostw Polski, kt\u00f3re odb\u0119d\u0105 si\u0119 31.07-01.08 [&hellip;]<\/p>\n","protected":false},"author":1,"featured_media":26212,"comment_status":"closed","ping_status":"closed","sticky":false,"template":"","format":"standard","meta":{"_acf_changed":false,"footnotes":""},"categories":[1],"tags":[],"class_list":["post-26211","post","type-post","status-publish","format-standard","has-post-thumbnail","hentry","category-bez-kategorii"],"acf":[],"_links":{"self":[{"href":"https:\/\/wpserwis.cfolks.pl\/r2\/wp-json\/wp\/v2\/posts\/26211","targetHints":{"allow":["GET"]}}],"collection":[{"href":"https:\/\/wpserwis.cfolks.pl\/r2\/wp-json\/wp\/v2\/posts"}],"about":[{"href":"https:\/\/wpserwis.cfolks.pl\/r2\/wp-json\/wp\/v2\/types\/post"}],"author":[{"embeddable":true,"href":"https:\/\/wpserwis.cfolks.pl\/r2\/wp-json\/wp\/v2\/users\/1"}],"replies":[{"embeddable":true,"href":"https:\/\/wpserwis.cfolks.pl\/r2\/wp-json\/wp\/v2\/comments?post=26211"}],"version-history":[{"count":0,"href":"https:\/\/wpserwis.cfolks.pl\/r2\/wp-json\/wp\/v2\/posts\/26211\/revisions"}],"wp:featuredmedia":[{"embeddable":true,"href":"https:\/\/wpserwis.cfolks.pl\/r2\/wp-json\/"}],"wp:attachment":[{"href":"https:\/\/wpserwis.cfolks.pl\/r2\/wp-json\/wp\/v2\/media?parent=26211"}],"wp:term":[{"taxonomy":"category","embeddable":true,"href":"https:\/\/wpserwis.cfolks.pl\/r2\/wp-json\/wp\/v2\/categories?post=26211"},{"taxonomy":"post_tag","embeddable":true,"href":"https:\/\/wpserwis.cfolks.pl\/r2\/wp-json\/wp\/v2\/tags?post=26211"}],"curies":[{"name":"wp","href":"https:\/\/api.w.org\/{rel}","templated":true}]}}