{"id":26221,"date":"2021-07-27T08:41:14","date_gmt":"2021-07-27T06:41:14","guid":{"rendered":"https:\/\/wtw.waw.pl\/?p=26221"},"modified":"2021-07-27T08:41:14","modified_gmt":"2021-07-27T06:41:14","slug":"spotkanie-burmistrza-dzielnicy-mokotow-z-piotrkiem-plominskim-oraz-wladzami-naszego-towarzystwa","status":"publish","type":"post","link":"https:\/\/wpserwis.cfolks.pl\/r2\/spotkanie-burmistrza-dzielnicy-mokotow-z-piotrkiem-plominskim-oraz-wladzami-naszego-towarzystwa\/","title":{"rendered":"SPOTKANIE BURMISTRZA DZIELNICY MOKOT\u00d3W Z PIOTREM P\u0141OMI\u0143SKIM ORAZ W\u0141ADZAMI NASZEGO TOWARZYSTWA"},"content":{"rendered":"\n<p><strong>26 lipca br., w godzinach porannych mia\u0142o miejsce spotkanie gratulacyjne naszego m\u0142odzie\u017cowego Wicemistrza \u015awiata w wio\u015blarstwie Piotra P\u0142omi\u0144skiego z Burmistrzem dzielnicy Mokot\u00f3w Panem Rafa\u0142em Miastowskim i dyrektorem OSiR Mokot\u00f3w Panem Krzysztofem Rosi\u0144skim. W spotkaniu uczestniczyli r\u00f3wnie\u017c Prezes WTW Bogus\u0142aw Siennicki, Wiceprezes ds Sportu Jaros\u0142aw Wolski i Dyrektor WTW Maciej \u015aliwi\u0144ski.<\/strong> <\/p>\n\n\n\n<p>Piotrek to &#8222;mokotowianin&#8221; i zwyci\u0119zca II edycji Wio\u015blarskiego Tytana Warszawy. Udzia\u0142 i zwyci\u0119stwo w Tytanie w dzielnicy Mokot\u00f3w w 2015 roku, rozpocz\u0119\u0142o jego karier\u0119 wio\u015blarsk\u0105, kt\u00f3ra z ka\u017cdym rokiem nabiera tempa z czego si\u0119 niezmiernie cieszymy.<\/p>\n\n\n\n<p>Niestety w spotkaniu nie mogli wzi\u0105\u0107 udzia\u0142u zaproszeni trenerzy, z uwagi na udzia\u0142 w zgrupowaniach przed regatami.<\/p>\n\n\n\n<p>Jeszcze raz gratulujemy Piotrowi i \u017cyczymy samych dalszych sukces\u00f3w! <\/p>\n\n\n\n<figure class=\"wp-block-image size-large\"><a href=\"https:\/\/wpserwis.cfolks.pl\/r2\/wp-content\/uploads\/2021\/07\/220223056_183768753787900_7834121837811974461_n.jpg\"><img decoding=\"async\" src=\"https:\/\/wpserwis.cfolks.pl\/r2\/wp-content\/uploads\/2021\/07\/220223056_183768753787900_7834121837811974461_n-1024x683.jpg\" alt=\"\" class=\"wp-image-26222\"\/><\/a><\/figure>\n\n\n\n<p><\/p>\n","protected":false},"excerpt":{"rendered":"<p>26 lipca br., w godzinach porannych mia\u0142o miejsce spotkanie gratulacyjne naszego m\u0142odzie\u017cowego Wicemistrza \u015awiata w wio\u015blarstwie Piotra P\u0142omi\u0144skiego z Burmistrzem dzielnicy Mokot\u00f3w Panem Rafa\u0142em Miastowskim i dyrektorem OSiR Mokot\u00f3w Panem Krzysztofem Rosi\u0144skim. W spotkaniu uczestniczyli r\u00f3wnie\u017c Prezes WTW Bogus\u0142aw Siennicki, Wiceprezes ds Sportu Jaros\u0142aw Wolski i Dyrektor WTW Maciej \u015aliwi\u0144ski. Piotrek to &#8222;mokotowianin&#8221; i zwyci\u0119zca [&hellip;]<\/p>\n","protected":false},"author":1,"featured_media":26223,"comment_status":"closed","ping_status":"closed","sticky":false,"template":"","format":"standard","meta":{"_acf_changed":false,"footnotes":""},"categories":[1],"tags":[],"class_list":["post-26221","post","type-post","status-publish","format-standard","has-post-thumbnail","hentry","category-bez-kategorii"],"acf":[],"_links":{"self":[{"href":"https:\/\/wpserwis.cfolks.pl\/r2\/wp-json\/wp\/v2\/posts\/26221","targetHints":{"allow":["GET"]}}],"collection":[{"href":"https:\/\/wpserwis.cfolks.pl\/r2\/wp-json\/wp\/v2\/posts"}],"about":[{"href":"https:\/\/wpserwis.cfolks.pl\/r2\/wp-json\/wp\/v2\/types\/post"}],"author":[{"embeddable":true,"href":"https:\/\/wpserwis.cfolks.pl\/r2\/wp-json\/wp\/v2\/users\/1"}],"replies":[{"embeddable":true,"href":"https:\/\/wpserwis.cfolks.pl\/r2\/wp-json\/wp\/v2\/comments?post=26221"}],"version-history":[{"count":0,"href":"https:\/\/wpserwis.cfolks.pl\/r2\/wp-json\/wp\/v2\/posts\/26221\/revisions"}],"wp:featuredmedia":[{"embeddable":true,"href":"https:\/\/wpserwis.cfolks.pl\/r2\/wp-json\/"}],"wp:attachment":[{"href":"https:\/\/wpserwis.cfolks.pl\/r2\/wp-json\/wp\/v2\/media?parent=26221"}],"wp:term":[{"taxonomy":"category","embeddable":true,"href":"https:\/\/wpserwis.cfolks.pl\/r2\/wp-json\/wp\/v2\/categories?post=26221"},{"taxonomy":"post_tag","embeddable":true,"href":"https:\/\/wpserwis.cfolks.pl\/r2\/wp-json\/wp\/v2\/tags?post=26221"}],"curies":[{"name":"wp","href":"https:\/\/api.w.org\/{rel}","templated":true}]}}