{"id":26248,"date":"2021-08-02T09:55:06","date_gmt":"2021-08-02T07:55:06","guid":{"rendered":"https:\/\/wtw.waw.pl\/?p=26248"},"modified":"2021-08-02T09:55:06","modified_gmt":"2021-08-02T07:55:06","slug":"szesc-medali-na-mp-mlodziezowki-i-mlodzikow","status":"publish","type":"post","link":"https:\/\/wpserwis.cfolks.pl\/r2\/szesc-medali-na-mp-mlodziezowki-i-mlodzikow\/","title":{"rendered":"PI\u0118\u0106 MEDALI M\u0141ODZIE\u017b\u00d3WKI I Z\u0141OTO M\u0141ODZIK\u00d3W &#8211; BARDZO UDANE MISTRZOSTWA POLSKI!"},"content":{"rendered":"\n<p><strong>Wczoraj na torze regatowym &#8222;Malta&#8221; w Poznaniu, zako\u0144czy\u0142y si\u0119 ENEA M\u0142odzie\u017cowe Mistrzostwa Polski i Mistrzostwa Polski M\u0142odzik\u00f3w<\/strong>.<\/p>\n\n\n\n<p>By\u0142y to dla Nas bardzo owocne zawody, a ich zwie\u0144czeniem jest sze\u015b\u0107 medali zdobytych przed naszych zawodnik\u00f3w w &#8230; <strong>5 konkurencjach! <\/strong><\/p>\n\n\n\n<p><strong>Zdobyli\u015bmy trzy z\u0142ote medale, jeden srebrny i dwa br\u0105zowe.<\/strong><\/p>\n\n\n\n<p>Wspaniale wypadli nasi skifi\u015bci. <strong>Piotr P\u0142omi\u0144ski zosta\u0142 m\u0142odzie\u017cowym Mistrzem Polski na jedynce. W tym samym finale, po br\u0105z si\u0119gn\u0105\u0142 Konrad Doma\u0144ski. Na jedynce wagi lekkiej Wicemistrzostwo Polski zdoby\u0142a Ula O\u017carowska.<\/strong><\/p>\n\n\n\n<p>Kilka godzin p\u00f3\u017aniej ogl\u0105dali\u015bmy znakomite fina\u0142y w wykonaniu naszych czw\u00f3rek. <\/p>\n\n\n\n<p><strong>Mistrzem Polski zosta\u0142a m\u0119ska czw\u00f3rka podw\u00f3jna w sk\u0142adzie: <br>Piotr P\u0142omi\u0144ski, Konrad Doma\u0144ski, \u0141ukasz Bajorek i Franciszek Kazimierczuk. <\/strong><\/p>\n\n\n\n<p><strong>Br\u0105zowy medal zdoby\u0142y nasze Panie w czw\u00f3rce ze sternikiem, w sk\u0142adzie: Michalina Partyga, Ula O\u017carowska, Sonia Gnatowska, Oliwia Kaleta, Laura Kaleta (ster).<\/strong><\/p>\n\n\n\n<p>To nie by\u0142 koniec emocji. <strong>Z\u0142oty medal Mistrzostw Polski M\u0142odziczek zdoby\u0142a nasza czw\u00f3rka podw\u00f3jna w sk\u0142adzie: Alicja Graczyk, Laura Kaleta, Kalina Ko\u0142akowska, Gabriela K\u0142os.<\/strong><\/p>\n\n\n\n<p>By\u0142y to bardzo udane regaty, kolejne po wcze\u015bniejszych MP Junior\u00f3w i OOM. Brawa dla wszystkich startuj\u0105cych! <\/p>\n\n\n\n<p>Szczeg\u00f3lne brawa dla naszego pionu trenerskiego: Agnieszki Renc, Agnieszki Ca\u0142ki, Krzysztofa Kali\u0144skiego i Dominika Brodziaka. \u015awietna robota! Jeste\u015bmy dumni i szcz\u0119\u015bliwi. Gratulacje!<\/p>\n\n\n\n<figure class=\"wp-block-image size-large\"><a href=\"blob:https:\/\/wtw.waw.pl\/3841234b-669d-4a44-bd62-6d5acd7cc645\"><img decoding=\"async\" src=\"blob:https:\/\/wtw.waw.pl\/3841234b-669d-4a44-bd62-6d5acd7cc645\" alt=\"\"\/><\/a><\/figure>\n\n\n\n<figure class=\"wp-block-image size-large\"><a href=\"blob:https:\/\/wtw.waw.pl\/752441e5-a992-624e-b550-538bbc0b3d70\"><img decoding=\"async\" src=\"blob:https:\/\/wtw.waw.pl\/752441e5-a992-624e-b550-538bbc0b3d70\" alt=\"\"\/><\/a><\/figure>\n\n\n\n<figure class=\"wp-block-image size-large\"><a href=\"blob:https:\/\/wtw.waw.pl\/b26a258e-1565-824a-99b2-58c1dfddab55\"><img decoding=\"async\" src=\"blob:https:\/\/wtw.waw.pl\/b26a258e-1565-824a-99b2-58c1dfddab55\" alt=\"\"\/><\/a><\/figure>\n\n\n\n<figure class=\"wp-block-image size-large\"><a href=\"blob:https:\/\/wtw.waw.pl\/3efbc7e6-01c3-4f45-8c9b-cbb2c5995919\"><img decoding=\"async\" src=\"blob:https:\/\/wtw.waw.pl\/3efbc7e6-01c3-4f45-8c9b-cbb2c5995919\" alt=\"\"\/><\/a><\/figure>\n","protected":false},"excerpt":{"rendered":"<p>Wczoraj na torze regatowym &#8222;Malta&#8221; w Poznaniu, zako\u0144czy\u0142y si\u0119 ENEA M\u0142odzie\u017cowe Mistrzostwa Polski i Mistrzostwa Polski M\u0142odzik\u00f3w. By\u0142y to dla Nas bardzo owocne zawody, a ich zwie\u0144czeniem jest sze\u015b\u0107 medali zdobytych przed naszych zawodnik\u00f3w w &#8230; 5 konkurencjach! Zdobyli\u015bmy trzy z\u0142ote medale, jeden srebrny i dwa br\u0105zowe. Wspaniale wypadli nasi skifi\u015bci. Piotr P\u0142omi\u0144ski zosta\u0142 m\u0142odzie\u017cowym [&hellip;]<\/p>\n","protected":false},"author":1,"featured_media":26249,"comment_status":"closed","ping_status":"closed","sticky":false,"template":"","format":"standard","meta":{"_acf_changed":false,"footnotes":""},"categories":[1],"tags":[],"class_list":["post-26248","post","type-post","status-publish","format-standard","has-post-thumbnail","hentry","category-bez-kategorii"],"acf":[],"_links":{"self":[{"href":"https:\/\/wpserwis.cfolks.pl\/r2\/wp-json\/wp\/v2\/posts\/26248","targetHints":{"allow":["GET"]}}],"collection":[{"href":"https:\/\/wpserwis.cfolks.pl\/r2\/wp-json\/wp\/v2\/posts"}],"about":[{"href":"https:\/\/wpserwis.cfolks.pl\/r2\/wp-json\/wp\/v2\/types\/post"}],"author":[{"embeddable":true,"href":"https:\/\/wpserwis.cfolks.pl\/r2\/wp-json\/wp\/v2\/users\/1"}],"replies":[{"embeddable":true,"href":"https:\/\/wpserwis.cfolks.pl\/r2\/wp-json\/wp\/v2\/comments?post=26248"}],"version-history":[{"count":0,"href":"https:\/\/wpserwis.cfolks.pl\/r2\/wp-json\/wp\/v2\/posts\/26248\/revisions"}],"wp:featuredmedia":[{"embeddable":true,"href":"https:\/\/wpserwis.cfolks.pl\/r2\/wp-json\/"}],"wp:attachment":[{"href":"https:\/\/wpserwis.cfolks.pl\/r2\/wp-json\/wp\/v2\/media?parent=26248"}],"wp:term":[{"taxonomy":"category","embeddable":true,"href":"https:\/\/wpserwis.cfolks.pl\/r2\/wp-json\/wp\/v2\/categories?post=26248"},{"taxonomy":"post_tag","embeddable":true,"href":"https:\/\/wpserwis.cfolks.pl\/r2\/wp-json\/wp\/v2\/tags?post=26248"}],"curies":[{"name":"wp","href":"https:\/\/api.w.org\/{rel}","templated":true}]}}