{"id":26286,"date":"2021-08-03T11:33:06","date_gmt":"2021-08-03T09:33:06","guid":{"rendered":"https:\/\/wtw.waw.pl\/?p=26286"},"modified":"2021-08-03T11:33:06","modified_gmt":"2021-08-03T09:33:06","slug":"wioslarstwo-progres-wynikow-sportowych","status":"publish","type":"post","link":"https:\/\/wpserwis.cfolks.pl\/r2\/wioslarstwo-progres-wynikow-sportowych\/","title":{"rendered":"WIO\u015aLARSTWO &#8211; PROGRES WYNIK\u00d3W SPOTROWYCH"},"content":{"rendered":"\n<p>Powoli ko\u0144czymy sezon, najwa\u017cniejszych dla nas, wio\u015blarskich start\u00f3w krajowych. Przed nami jeszcze <strong>Mistrzostwa Polski senior\u00f3w<\/strong>, kt\u00f3re odb\u0119d\u0105 si\u0119 w najbli\u017cszy weekend.<\/p>\n\n\n\n<p>Jest to dobry moment na pierwsze podsumowania. <br>Z ogromn\u0105 satysfakcj\u0105 odnotowujemy progres w pracy ca\u0142ej sekcji wio\u015blarskiej. Zwi\u0119kszaj\u0105ca si\u0119 liczba zawodnik\u00f3w (w chwili obecnej mamy przesz\u0142o 100 zawodniczek i zawodnik\u00f3w), ci\u0119\u017cka praca oraz bardzo dobra atmosfera &#8211; to wszystko przek\u0142ada si\u0119 na dobre wyniki sportowe. Takie te\u017c notujemy w tym sezonie. <\/p>\n\n\n\n<p>Bior\u0105c pod uwag\u0119 wyniki grupy m\u0142odzie\u017cowej i grupy junior\u00f3w &#8211; \u015bmia\u0142o m\u00f3wimy, \u017ce mijaj\u0105cy sezon to najlepszy sezon od lat, a dok\u0142adnie od 2015r. (m\u0142odzie\u017c\u00f3wka) od 2016r. (juniorzy).<\/p>\n\n\n\n<p>Nasi sportowcy w tym sezonie w zawodach rangi junior i m\u0142odzie\u017cowiec zajmowali <strong>dru\u017cynowo 4 miejsca<\/strong>, zdobywaj\u0105c w sumie <strong>10 medali<\/strong> (juniorzy: z\u0142oto, srebro i trzy br\u0105zy; m\u0142odzie\u017c\u00f3wka: dwa z\u0142ota, srebro i dwa br\u0105zy).<\/p>\n\n\n\n<p>Ubieg\u0142e lata wygl\u0105da\u0142y nast\u0119puj\u0105co:<br>2020 (dru\u017cynowo) &#8211; m\u0142odzie\u017c\u00f3wka 12 miejsce, juniorzy 6 miejsce<\/p>\n\n\n\n<p>2019 (dru\u017cynowo) &#8211; m\u0142odzie\u017c\u00f3wka 12 miejsce, juniorzy 7 miejsce<\/p>\n\n\n\n<p>2018 (dru\u017cynowo) &#8211; m\u0142odzie\u017c\u00f3wka 18 miejsce, juniorzy 11 miejsce<\/p>\n\n\n\n<p>2017 (dru\u017cynowo) &#8211; m\u0142odzie\u017c\u00f3wka 13 miejsce, juniorzy 13 miejsce<\/p>\n\n\n\n<p>2016 (dru\u017cynowo) &#8211; m\u0142odzie\u017c\u00f3wka 11 miejsce, juniorzy <strong>3 miejsce<\/strong><\/p>\n\n\n\n<p>2015 (dru\u017cynowo) &#8211; m\u0142odzie\u017c\u00f3wka <strong>4 miejsce<\/strong>, juniorzy <strong>3 miejsce<\/strong><\/p>\n\n\n\n<p>Wyniki ciesz\u0105, jak r\u00f3wnie\u017c pozytywna atmosfera w sekcji, kt\u00f3ra jest bardzo wa\u017cna. To nie s\u0105 sprawy oczywiste jakby si\u0119 mog\u0142o wydawa\u0107. Zw\u0142aszcza je\u017celi spojrzymy na zmiany jakie m.in. zasz\u0142y w samym sztabie szkoleniowym. <\/p>\n\n\n\n<p><strong>Agnieszka Renc<\/strong> zosta\u0142a nowym trenerem koordynatorem &#8211; zast\u0119puj\u0105c zas\u0142u\u017con\u0105 i utytu\u0142owan\u0105 trener Danut\u0119 Kotwi\u0144sk\u0105, kt\u00f3ra przesz\u0142a na emerytur\u0119. Nie \u0142atwo wej\u015b\u0107 w tak\u0105 rol\u0119, trenerce Renc si\u0119 to uda\u0142o. <br><strong>Krzysztof Kali\u0144ski<\/strong> przej\u0105\u0142 grup\u0119 m\u0119sk\u0105 w ci\u0119\u017ckim covidowym okresie w ub. roku (M. Je\u017cewski w\u00f3wczas zrezygnowa\u0142 z pracy w WTW). Przez ten rok grupa m\u0119ska zrobi\u0142a wyra\u017any post\u0119p, co niew\u0105tpliwie jest zas\u0142ug\u0105 trenera Kali\u0144skiego.<br><strong>Dominik Brodziak<\/strong>, wykonuj\u0105cy znakomit\u0105 prac\u0119 w Klubie z m\u0142odymi zawodnikami, z roku na rok rozwija sw\u00f3j kunszt trenerski, a na jego treningach frekwencja jest zawsze wysoka.<br><strong>Agnieszka Ca\u0142ka<\/strong>, by\u0142a zawodniczka, a obecnie trener, kt\u00f3ra w swoim debiutanckim sezonie doprowadzi\u0142a m\u0142odziczki do z\u0142otego medalu MP (4+).<br>W ostatnich dniach przed tegorocznymi wakacjami, do\u0142\u0105czy\u0142a do sztabu <strong>Oliwia Kaleta<\/strong>, kt\u00f3ra pod\u0105\u017ca \u015bcie\u017ck\u0105 starszych trener\u00f3w\/by\u0142ych zawodnik\u00f3w WTW. <\/p>\n\n\n\n<p>Widz\u0105c dynamik\u0119 rozwoju grupy wio\u015blarskiej, pracujemy nad powi\u0119kszeniem i zmian\u0105 struktury pionu trenerskiego sekcji.<\/p>\n\n\n\n<p>Idziemy w dobrym kierunku, optymistycznie patrzymy na dalszy rozw\u00f3j, ale te\u017c nie spoczywamy na laurach. Po kr\u00f3tkich, ale zas\u0142u\u017conych wakacjach wracamy do dalszych trening\u00f3w i pracy. <\/p>\n\n\n\n<p><strong>Wszystkim gratulujemy tegorocznych start\u00f3w i \u017cyczymy bicia kolejnych rekord\u00f3w.<\/strong><\/p>\n\n\n\n<p class=\"has-text-align-center\"><em>Zarz\u0105d <br>WTW Warszawa<\/em><\/p>\n\n\n\n<p><\/p>\n\n\n\n<p>.<\/p>\n","protected":false},"excerpt":{"rendered":"<p>Powoli ko\u0144czymy sezon, najwa\u017cniejszych dla nas, wio\u015blarskich start\u00f3w krajowych. Przed nami jeszcze Mistrzostwa Polski senior\u00f3w, kt\u00f3re odb\u0119d\u0105 si\u0119 w najbli\u017cszy weekend. Jest to dobry moment na pierwsze podsumowania. Z ogromn\u0105 satysfakcj\u0105 odnotowujemy progres w pracy ca\u0142ej sekcji wio\u015blarskiej. Zwi\u0119kszaj\u0105ca si\u0119 liczba zawodnik\u00f3w (w chwili obecnej mamy przesz\u0142o 100 zawodniczek i zawodnik\u00f3w), ci\u0119\u017cka praca oraz bardzo [&hellip;]<\/p>\n","protected":false},"author":1,"featured_media":25489,"comment_status":"closed","ping_status":"closed","sticky":false,"template":"","format":"standard","meta":{"_acf_changed":false,"footnotes":""},"categories":[1],"tags":[],"class_list":["post-26286","post","type-post","status-publish","format-standard","has-post-thumbnail","hentry","category-bez-kategorii"],"acf":[],"_links":{"self":[{"href":"https:\/\/wpserwis.cfolks.pl\/r2\/wp-json\/wp\/v2\/posts\/26286","targetHints":{"allow":["GET"]}}],"collection":[{"href":"https:\/\/wpserwis.cfolks.pl\/r2\/wp-json\/wp\/v2\/posts"}],"about":[{"href":"https:\/\/wpserwis.cfolks.pl\/r2\/wp-json\/wp\/v2\/types\/post"}],"author":[{"embeddable":true,"href":"https:\/\/wpserwis.cfolks.pl\/r2\/wp-json\/wp\/v2\/users\/1"}],"replies":[{"embeddable":true,"href":"https:\/\/wpserwis.cfolks.pl\/r2\/wp-json\/wp\/v2\/comments?post=26286"}],"version-history":[{"count":0,"href":"https:\/\/wpserwis.cfolks.pl\/r2\/wp-json\/wp\/v2\/posts\/26286\/revisions"}],"wp:featuredmedia":[{"embeddable":true,"href":"https:\/\/wpserwis.cfolks.pl\/r2\/wp-json\/"}],"wp:attachment":[{"href":"https:\/\/wpserwis.cfolks.pl\/r2\/wp-json\/wp\/v2\/media?parent=26286"}],"wp:term":[{"taxonomy":"category","embeddable":true,"href":"https:\/\/wpserwis.cfolks.pl\/r2\/wp-json\/wp\/v2\/categories?post=26286"},{"taxonomy":"post_tag","embeddable":true,"href":"https:\/\/wpserwis.cfolks.pl\/r2\/wp-json\/wp\/v2\/tags?post=26286"}],"curies":[{"name":"wp","href":"https:\/\/api.w.org\/{rel}","templated":true}]}}