{"id":26300,"date":"2021-08-09T09:54:52","date_gmt":"2021-08-09T07:54:52","guid":{"rendered":"https:\/\/wtw.waw.pl\/?p=26300"},"modified":"2021-08-09T09:54:52","modified_gmt":"2021-08-09T07:54:52","slug":"puchar-mlodziezy-zlota-julia-facon","status":"publish","type":"post","link":"https:\/\/wpserwis.cfolks.pl\/r2\/puchar-mlodziezy-zlota-julia-facon\/","title":{"rendered":"PUCHAR M\u0141ODZIE\u017bY &#8211; Z\u0141OTA JULIA FACON!"},"content":{"rendered":"\n<p><strong>W dniach 6-8 sierpnia 2021 roku w Linzu (Austria) odby\u0142y si\u0119 regaty Pucharu M\u0142odzie\u017cy (&#8222;Coupe de la Jeunesse&#8221;).<\/strong> W presti\u017cowych zawodach wzi\u0119\u0142o udzia\u0142 pi\u0119\u0107 polskich osad. Najlepiej spisa\u0142a si\u0119 \u017ce\u0144ska czw\u00f3rka podw\u00f3jna, kt\u00f3ra drugiego dnia regat stan\u0119\u0142a na najwy\u017cszym stopniu podium.<\/p>\n\n\n\n<p>W niedziel\u0119 najlepiej spisa\u0142a si\u0119 \u017ce\u0144ska czw\u00f3rka podw\u00f3jna w sk\u0142adzie <br><strong>Julia Facon (WTW Warszawa)<\/strong> , Natasha Malicka, Maria \u017bukowska i Emilia Kalinowska. Polki wygra\u0142 fina\u0142 z czasem 6:56.40, wyprzedzaj\u0105c Holenderki i Francuzki.<\/p>\n\n\n\n<p>W sumie w Linzu wyst\u0105pi\u0142a 17-osobowa reprezentacja Polski &#8211; dwie czw\u00f3rki podw\u00f3jne (m\u0119ska i \u017ce\u0144ska), dwie czw\u00f3rki bez sternika (m\u0119ska i \u017ce\u0144ska) oraz m\u0119ska jedynka.<\/p>\n\n\n\n<p><em>\u017ar\u00f3d\u0142o i foto: www.pztw.pl<\/em><\/p>\n","protected":false},"excerpt":{"rendered":"<p>W dniach 6-8 sierpnia 2021 roku w Linzu (Austria) odby\u0142y si\u0119 regaty Pucharu M\u0142odzie\u017cy (&#8222;Coupe de la Jeunesse&#8221;). W presti\u017cowych zawodach wzi\u0119\u0142o udzia\u0142 pi\u0119\u0107 polskich osad. Najlepiej spisa\u0142a si\u0119 \u017ce\u0144ska czw\u00f3rka podw\u00f3jna, kt\u00f3ra drugiego dnia regat stan\u0119\u0142a na najwy\u017cszym stopniu podium. W niedziel\u0119 najlepiej spisa\u0142a si\u0119 \u017ce\u0144ska czw\u00f3rka podw\u00f3jna w sk\u0142adzie Julia Facon (WTW Warszawa) [&hellip;]<\/p>\n","protected":false},"author":1,"featured_media":26301,"comment_status":"closed","ping_status":"closed","sticky":false,"template":"","format":"standard","meta":{"_acf_changed":false,"footnotes":""},"categories":[1],"tags":[],"class_list":["post-26300","post","type-post","status-publish","format-standard","has-post-thumbnail","hentry","category-bez-kategorii"],"acf":[],"_links":{"self":[{"href":"https:\/\/wpserwis.cfolks.pl\/r2\/wp-json\/wp\/v2\/posts\/26300","targetHints":{"allow":["GET"]}}],"collection":[{"href":"https:\/\/wpserwis.cfolks.pl\/r2\/wp-json\/wp\/v2\/posts"}],"about":[{"href":"https:\/\/wpserwis.cfolks.pl\/r2\/wp-json\/wp\/v2\/types\/post"}],"author":[{"embeddable":true,"href":"https:\/\/wpserwis.cfolks.pl\/r2\/wp-json\/wp\/v2\/users\/1"}],"replies":[{"embeddable":true,"href":"https:\/\/wpserwis.cfolks.pl\/r2\/wp-json\/wp\/v2\/comments?post=26300"}],"version-history":[{"count":0,"href":"https:\/\/wpserwis.cfolks.pl\/r2\/wp-json\/wp\/v2\/posts\/26300\/revisions"}],"wp:featuredmedia":[{"embeddable":true,"href":"https:\/\/wpserwis.cfolks.pl\/r2\/wp-json\/"}],"wp:attachment":[{"href":"https:\/\/wpserwis.cfolks.pl\/r2\/wp-json\/wp\/v2\/media?parent=26300"}],"wp:term":[{"taxonomy":"category","embeddable":true,"href":"https:\/\/wpserwis.cfolks.pl\/r2\/wp-json\/wp\/v2\/categories?post=26300"},{"taxonomy":"post_tag","embeddable":true,"href":"https:\/\/wpserwis.cfolks.pl\/r2\/wp-json\/wp\/v2\/tags?post=26300"}],"curies":[{"name":"wp","href":"https:\/\/api.w.org\/{rel}","templated":true}]}}