{"id":26318,"date":"2021-08-10T09:26:33","date_gmt":"2021-08-10T07:26:33","guid":{"rendered":"https:\/\/wtw.waw.pl\/?p=26318"},"modified":"2021-08-10T09:26:33","modified_gmt":"2021-08-10T07:26:33","slug":"spotkanie-ze-zlota-julia-facon","status":"publish","type":"post","link":"https:\/\/wpserwis.cfolks.pl\/r2\/spotkanie-ze-zlota-julia-facon\/","title":{"rendered":"SPOTKANIE ZE Z\u0141OT\u0104 JULI\u0104 FACON!"},"content":{"rendered":"\n<p><strong>W weekend z\u0142oto w austriackim Linzu (W4x), a w dniu wczorajszym osobiste gratulacje w naszym Klubie.W spotkaniu ze z\u0142ot\u0105 medalistk\u0105 regat \u201eCoupe de la Jeunesse\u201d (Puchar M\u0142odzie\u017cy) &#8211; Juli\u0105 Facon, uczestniczyli Trener Agnieszka Renc, Wiceprezes ds. Sportu Jaros\u0142aw Wolski i Dyrektor Maciej \u015aliwi\u0144ski.<\/strong><\/p>\n\n\n\n<p>Julia dzi\u0119kujemy i gratulujemy !<\/p>\n","protected":false},"excerpt":{"rendered":"<p>W weekend z\u0142oto w austriackim Linzu (W4x), a w dniu wczorajszym osobiste gratulacje w naszym Klubie.W spotkaniu ze z\u0142ot\u0105 medalistk\u0105 regat \u201eCoupe de la Jeunesse\u201d (Puchar M\u0142odzie\u017cy) &#8211; Juli\u0105 Facon, uczestniczyli Trener Agnieszka Renc, Wiceprezes ds. Sportu Jaros\u0142aw Wolski i Dyrektor Maciej \u015aliwi\u0144ski. Julia dzi\u0119kujemy i gratulujemy !<\/p>\n","protected":false},"author":1,"featured_media":26319,"comment_status":"closed","ping_status":"closed","sticky":false,"template":"","format":"standard","meta":{"_acf_changed":false,"footnotes":""},"categories":[1],"tags":[],"class_list":["post-26318","post","type-post","status-publish","format-standard","has-post-thumbnail","hentry","category-bez-kategorii"],"acf":[],"_links":{"self":[{"href":"https:\/\/wpserwis.cfolks.pl\/r2\/wp-json\/wp\/v2\/posts\/26318","targetHints":{"allow":["GET"]}}],"collection":[{"href":"https:\/\/wpserwis.cfolks.pl\/r2\/wp-json\/wp\/v2\/posts"}],"about":[{"href":"https:\/\/wpserwis.cfolks.pl\/r2\/wp-json\/wp\/v2\/types\/post"}],"author":[{"embeddable":true,"href":"https:\/\/wpserwis.cfolks.pl\/r2\/wp-json\/wp\/v2\/users\/1"}],"replies":[{"embeddable":true,"href":"https:\/\/wpserwis.cfolks.pl\/r2\/wp-json\/wp\/v2\/comments?post=26318"}],"version-history":[{"count":0,"href":"https:\/\/wpserwis.cfolks.pl\/r2\/wp-json\/wp\/v2\/posts\/26318\/revisions"}],"wp:featuredmedia":[{"embeddable":true,"href":"https:\/\/wpserwis.cfolks.pl\/r2\/wp-json\/"}],"wp:attachment":[{"href":"https:\/\/wpserwis.cfolks.pl\/r2\/wp-json\/wp\/v2\/media?parent=26318"}],"wp:term":[{"taxonomy":"category","embeddable":true,"href":"https:\/\/wpserwis.cfolks.pl\/r2\/wp-json\/wp\/v2\/categories?post=26318"},{"taxonomy":"post_tag","embeddable":true,"href":"https:\/\/wpserwis.cfolks.pl\/r2\/wp-json\/wp\/v2\/tags?post=26318"}],"curies":[{"name":"wp","href":"https:\/\/api.w.org\/{rel}","templated":true}]}}