{"id":26558,"date":"2021-08-23T16:02:07","date_gmt":"2021-08-23T14:02:07","guid":{"rendered":"https:\/\/wtw.waw.pl\/?p=26558"},"modified":"2021-08-23T16:02:07","modified_gmt":"2021-08-23T14:02:07","slug":"wieczorek-poetycko-muzyczny-na-wioslarskiej-6","status":"publish","type":"post","link":"https:\/\/wpserwis.cfolks.pl\/r2\/wieczorek-poetycko-muzyczny-na-wioslarskiej-6\/","title":{"rendered":"WIECZOREK POETYCKO &#8211; MUZYCZNY NA WIO\u015aLARSKIEJ 6!"},"content":{"rendered":"\n<p><strong>26 sierpnia br., o godzinie 18:00 na przystani WTW przy ul. Wio\u015blarskiej 6, rozpocznie si\u0119 wieczorek poetycko &#8211; muzyczny, promuj\u0105cy najnowszy tomik poezji &#8222;Cisza Oswojona&#8221; naszej niezast\u0105pionej Lidii Tro\u0107! <\/strong><\/p>\n\n\n\n<p>Go\u015bcinnie wyst\u0119powa\u0142 b\u0119dzie <strong>zesp\u00f3\u0142 muzyczny Plateau<\/strong>! <\/p>\n\n\n\n<p>Serdecznie zapraszamy! <\/p>\n","protected":false},"excerpt":{"rendered":"<p>26 sierpnia br., o godzinie 18:00 na przystani WTW przy ul. Wio\u015blarskiej 6, rozpocznie si\u0119 wieczorek poetycko &#8211; muzyczny, promuj\u0105cy najnowszy tomik poezji &#8222;Cisza Oswojona&#8221; naszej niezast\u0105pionej Lidii Tro\u0107! Go\u015bcinnie wyst\u0119powa\u0142 b\u0119dzie zesp\u00f3\u0142 muzyczny Plateau! Serdecznie zapraszamy!<\/p>\n","protected":false},"author":1,"featured_media":26559,"comment_status":"closed","ping_status":"closed","sticky":false,"template":"","format":"standard","meta":{"_acf_changed":false,"footnotes":""},"categories":[1],"tags":[],"class_list":["post-26558","post","type-post","status-publish","format-standard","has-post-thumbnail","hentry","category-bez-kategorii"],"acf":[],"_links":{"self":[{"href":"https:\/\/wpserwis.cfolks.pl\/r2\/wp-json\/wp\/v2\/posts\/26558","targetHints":{"allow":["GET"]}}],"collection":[{"href":"https:\/\/wpserwis.cfolks.pl\/r2\/wp-json\/wp\/v2\/posts"}],"about":[{"href":"https:\/\/wpserwis.cfolks.pl\/r2\/wp-json\/wp\/v2\/types\/post"}],"author":[{"embeddable":true,"href":"https:\/\/wpserwis.cfolks.pl\/r2\/wp-json\/wp\/v2\/users\/1"}],"replies":[{"embeddable":true,"href":"https:\/\/wpserwis.cfolks.pl\/r2\/wp-json\/wp\/v2\/comments?post=26558"}],"version-history":[{"count":0,"href":"https:\/\/wpserwis.cfolks.pl\/r2\/wp-json\/wp\/v2\/posts\/26558\/revisions"}],"wp:featuredmedia":[{"embeddable":true,"href":"https:\/\/wpserwis.cfolks.pl\/r2\/wp-json\/"}],"wp:attachment":[{"href":"https:\/\/wpserwis.cfolks.pl\/r2\/wp-json\/wp\/v2\/media?parent=26558"}],"wp:term":[{"taxonomy":"category","embeddable":true,"href":"https:\/\/wpserwis.cfolks.pl\/r2\/wp-json\/wp\/v2\/categories?post=26558"},{"taxonomy":"post_tag","embeddable":true,"href":"https:\/\/wpserwis.cfolks.pl\/r2\/wp-json\/wp\/v2\/tags?post=26558"}],"curies":[{"name":"wp","href":"https:\/\/api.w.org\/{rel}","templated":true}]}}