{"id":26561,"date":"2021-08-25T18:30:00","date_gmt":"2021-08-25T16:30:00","guid":{"rendered":"https:\/\/wtw.waw.pl\/?p=26561"},"modified":"2021-08-25T18:30:00","modified_gmt":"2021-08-25T16:30:00","slug":"walne-zebranie-sprawozdawcze-czlonkow-wtw","status":"publish","type":"post","link":"https:\/\/wpserwis.cfolks.pl\/r2\/walne-zebranie-sprawozdawcze-czlonkow-wtw\/","title":{"rendered":"WALNE ZEBRANIE SPRAWOZDAWCZE CZ\u0141ONK\u00d3W WTW"},"content":{"rendered":"\n<p>Zarz\u0105d Warszawskiego Towarzystwa Wio\u015blarskiego informuje, \u017ce na dzie\u0144 25.09.2021r. zwo\u0142ane zosta\u0142o <strong>Walne Zebranie Sprawozdawcze Cz\u0142onk\u00f3w Warszawskiego Towarzystwa Wio\u015blarskiego. <\/strong><\/p>\n\n\n\n<p><strong>WZ odb\u0119dzie 25 wrze\u015bnia 2021r. (sobota) w Centralnym O\u015brodku Sportu &#8222;Torwar&#8221; przy ul. \u0141azienkowskiej 6A (sala B, II pi\u0119tro), I-szy termin godzina 10:00, II-gi termin godzina 10:15. <\/strong><\/p>\n\n\n\n<p>Poni\u017cej znajduje si\u0119 zaproszenie wraz z porz\u0105dkiem obrad oraz pismo skierowane do Cz\u0142onk\u00f3w WTW.<\/p>\n\n\n\n<div class=\"wp-block-file\"><a>zaproszenie i program WZ<\/a><a href=\"https:\/\/wpserwis.cfolks.pl\/r2\/wp-content\/uploads\/2021\/08\/Zaproszenie-oraz-porzadek-obrad-Walnego-Zebrania-Sprawozdawczego-Czlonkow-WTW-2021-1.pdf\" class=\"wp-block-file__button\" download>Pobierz<\/a><\/div>\n\n\n\n<div class=\"wp-block-file\"><a>pismo przewodnie na WZ<\/a><a href=\"https:\/\/wpserwis.cfolks.pl\/r2\/wp-content\/uploads\/2021\/08\/Pismo-przewodnie-do-Zaproszenia.pdf\" class=\"wp-block-file__button\" download>Pobierz<\/a><\/div>\n\n\n\n<p><\/p>\n\n\n\n<p><\/p>\n","protected":false},"excerpt":{"rendered":"<p>Zarz\u0105d Warszawskiego Towarzystwa Wio\u015blarskiego informuje, \u017ce na dzie\u0144 25.09.2021r. zwo\u0142ane zosta\u0142o Walne Zebranie Sprawozdawcze Cz\u0142onk\u00f3w Warszawskiego Towarzystwa Wio\u015blarskiego. WZ odb\u0119dzie 25 wrze\u015bnia 2021r. (sobota) w Centralnym O\u015brodku Sportu &#8222;Torwar&#8221; przy ul. \u0141azienkowskiej 6A (sala B, II pi\u0119tro), I-szy termin godzina 10:00, II-gi termin godzina 10:15. Poni\u017cej znajduje si\u0119 zaproszenie wraz z porz\u0105dkiem obrad oraz pismo [&hellip;]<\/p>\n","protected":false},"author":1,"featured_media":26640,"comment_status":"closed","ping_status":"closed","sticky":false,"template":"","format":"standard","meta":{"_acf_changed":false,"footnotes":""},"categories":[1],"tags":[],"class_list":["post-26561","post","type-post","status-publish","format-standard","has-post-thumbnail","hentry","category-bez-kategorii"],"acf":[],"_links":{"self":[{"href":"https:\/\/wpserwis.cfolks.pl\/r2\/wp-json\/wp\/v2\/posts\/26561","targetHints":{"allow":["GET"]}}],"collection":[{"href":"https:\/\/wpserwis.cfolks.pl\/r2\/wp-json\/wp\/v2\/posts"}],"about":[{"href":"https:\/\/wpserwis.cfolks.pl\/r2\/wp-json\/wp\/v2\/types\/post"}],"author":[{"embeddable":true,"href":"https:\/\/wpserwis.cfolks.pl\/r2\/wp-json\/wp\/v2\/users\/1"}],"replies":[{"embeddable":true,"href":"https:\/\/wpserwis.cfolks.pl\/r2\/wp-json\/wp\/v2\/comments?post=26561"}],"version-history":[{"count":0,"href":"https:\/\/wpserwis.cfolks.pl\/r2\/wp-json\/wp\/v2\/posts\/26561\/revisions"}],"wp:featuredmedia":[{"embeddable":true,"href":"https:\/\/wpserwis.cfolks.pl\/r2\/wp-json\/"}],"wp:attachment":[{"href":"https:\/\/wpserwis.cfolks.pl\/r2\/wp-json\/wp\/v2\/media?parent=26561"}],"wp:term":[{"taxonomy":"category","embeddable":true,"href":"https:\/\/wpserwis.cfolks.pl\/r2\/wp-json\/wp\/v2\/categories?post=26561"},{"taxonomy":"post_tag","embeddable":true,"href":"https:\/\/wpserwis.cfolks.pl\/r2\/wp-json\/wp\/v2\/tags?post=26561"}],"curies":[{"name":"wp","href":"https:\/\/api.w.org\/{rel}","templated":true}]}}