{"id":26631,"date":"2021-09-02T10:06:16","date_gmt":"2021-09-02T08:06:16","guid":{"rendered":"https:\/\/wtw.waw.pl\/?p=26631"},"modified":"2021-09-02T10:06:16","modified_gmt":"2021-09-02T08:06:16","slug":"26631-2","status":"publish","type":"post","link":"https:\/\/wpserwis.cfolks.pl\/r2\/26631-2\/","title":{"rendered":"UDANY DEBIUT WIKTORA MARIA\u0143SKIEGO"},"content":{"rendered":"\n<p>Zawodnik sekcji \u017ceglarskiej Wiktor Maria\u0144ski ko\u0144czy Mistrzostwa PSKO w Gi\u017cycku na 39 miejscu w klasyfikacji generalnej, a w\u015br\u00f3d ch\u0142opc\u00f3w na miejscu 22! <\/p>\n\n\n\n<p>Jak na 230 zawodnik\u00f3w i pierwszy start w tak du\u017cych regatach, to bardzo dobry wynik podopiecznego trenera Ma\u0107ka Lato.<\/p>\n\n\n\n<p>Ostatniego dnia wiatr pozwoli\u0142 na rozegranie 2 wy\u015bcig\u00f3w przy s\u0142abym wietrze. By\u0142y to wa\u017cne zawody, podczas kt\u00f3rych zebrali\u015bmy sporo do\u015bwiadczenia na kolejne starty. <\/p>\n\n\n\n<p>Serdecznie gratulujemy !<\/p>\n\n\n\n<p>fot. Organizatorzy regat<\/p>\n\n\n\n<figure class=\"wp-block-image size-large\"><a href=\"blob:https:\/\/wtw.waw.pl\/6b932be3-9786-0f43-b482-67ae65eaaa58\"><img decoding=\"async\" src=\"blob:https:\/\/wtw.waw.pl\/6b932be3-9786-0f43-b482-67ae65eaaa58\" alt=\"\"\/><\/a><\/figure>\n\n\n\n<figure class=\"wp-block-image size-large\"><a href=\"https:\/\/wpserwis.cfolks.pl\/r2\/wp-content\/uploads\/2021\/09\/240987079_4654758867890586_244000505813904877_n.jpg\"><img decoding=\"async\" src=\"https:\/\/wpserwis.cfolks.pl\/r2\/wp-content\/uploads\/2021\/09\/240987079_4654758867890586_244000505813904877_n.jpg\" alt=\"\" class=\"wp-image-26633\"\/><\/a><\/figure>\n","protected":false},"excerpt":{"rendered":"<p>Zawodnik sekcji \u017ceglarskiej Wiktor Maria\u0144ski ko\u0144czy Mistrzostwa PSKO w Gi\u017cycku na 39 miejscu w klasyfikacji generalnej, a w\u015br\u00f3d ch\u0142opc\u00f3w na miejscu 22! Jak na 230 zawodnik\u00f3w i pierwszy start w tak du\u017cych regatach, to bardzo dobry wynik podopiecznego trenera Ma\u0107ka Lato. Ostatniego dnia wiatr pozwoli\u0142 na rozegranie 2 wy\u015bcig\u00f3w przy s\u0142abym wietrze. By\u0142y to wa\u017cne [&hellip;]<\/p>\n","protected":false},"author":1,"featured_media":26632,"comment_status":"closed","ping_status":"closed","sticky":false,"template":"","format":"standard","meta":{"_acf_changed":false,"footnotes":""},"categories":[1],"tags":[],"class_list":["post-26631","post","type-post","status-publish","format-standard","has-post-thumbnail","hentry","category-bez-kategorii"],"acf":[],"_links":{"self":[{"href":"https:\/\/wpserwis.cfolks.pl\/r2\/wp-json\/wp\/v2\/posts\/26631","targetHints":{"allow":["GET"]}}],"collection":[{"href":"https:\/\/wpserwis.cfolks.pl\/r2\/wp-json\/wp\/v2\/posts"}],"about":[{"href":"https:\/\/wpserwis.cfolks.pl\/r2\/wp-json\/wp\/v2\/types\/post"}],"author":[{"embeddable":true,"href":"https:\/\/wpserwis.cfolks.pl\/r2\/wp-json\/wp\/v2\/users\/1"}],"replies":[{"embeddable":true,"href":"https:\/\/wpserwis.cfolks.pl\/r2\/wp-json\/wp\/v2\/comments?post=26631"}],"version-history":[{"count":0,"href":"https:\/\/wpserwis.cfolks.pl\/r2\/wp-json\/wp\/v2\/posts\/26631\/revisions"}],"wp:featuredmedia":[{"embeddable":true,"href":"https:\/\/wpserwis.cfolks.pl\/r2\/wp-json\/"}],"wp:attachment":[{"href":"https:\/\/wpserwis.cfolks.pl\/r2\/wp-json\/wp\/v2\/media?parent=26631"}],"wp:term":[{"taxonomy":"category","embeddable":true,"href":"https:\/\/wpserwis.cfolks.pl\/r2\/wp-json\/wp\/v2\/categories?post=26631"},{"taxonomy":"post_tag","embeddable":true,"href":"https:\/\/wpserwis.cfolks.pl\/r2\/wp-json\/wp\/v2\/tags?post=26631"}],"curies":[{"name":"wp","href":"https:\/\/api.w.org\/{rel}","templated":true}]}}