{"id":26657,"date":"2021-09-06T16:27:00","date_gmt":"2021-09-06T14:27:00","guid":{"rendered":"https:\/\/wtw.waw.pl\/?p=26657"},"modified":"2021-09-06T16:27:00","modified_gmt":"2021-09-06T14:27:00","slug":"mlodziezowe-mistrzostwa-europy-brazowy-piotr-plominski","status":"publish","type":"post","link":"https:\/\/wpserwis.cfolks.pl\/r2\/mlodziezowe-mistrzostwa-europy-brazowy-piotr-plominski\/","title":{"rendered":"M\u0141ODZIE\u017bOWE MISTRZOSTWA EUROPY &#8211; BR\u0104ZOWY P\u0141OMI\u0143SKI, CZWARTY DOMA\u0143SKI"},"content":{"rendered":"\n<p>Wczoraj zako\u0144czy\u0142y si\u0119 M\u0142odzie\u017cowe Mistrzostwa Europy z udzia\u0142em dw\u00f3ch naszych reprezentant\u00f3w Piotra P\u0142omi\u0144skiego oraz Konrada Doma\u0144skiego.<\/p>\n\n\n\n<p>Piotr P\u0142omi\u0144ski wywalczy\u0142 br\u0105zowy medal na jedynce, a Konrad Doma\u0144ski zaj\u0105\u0142 4 miejsce w konkurencji 4x, przegrywaj\u0105c nieznacznie na finiszowych metrach z osad\u0105 W\u0142och.<\/p>\n\n\n\n<p>Kilka s\u0142\u00f3w od naszych zawodnik\u00f3w: \u2018\u2019 Dla mnie 2-dniowy harmonogram zawod\u00f3w by\u0142 bardzo niekorzystny. Jest to m\u0119cz\u0105cy system, a ja by\u0142em ju\u017c zm\u0119czony ca\u0142ym sezonem startowym. Mistrzostwa \u015awiata roz\u0142o\u017cone na 5 dni s\u0105 bardziej przyjemne. Sam bieg fina\u0142owy bardzo wyr\u00f3wnany. Niestety ju\u017c przed rozgrzewk\u0105 odbija\u0142 mi si\u0119 ostatni posi\u0142ek i by\u0142o to uci\u0105\u017cliwe. Ostatecznie ciesz\u0119 si\u0119 z finalnego rezultatu. Wreszcie czekaj\u0105 mnie upragnione wakacje i chwila oddechu po ci\u0119\u017ckim sezonie\u201d &#8211; podsumowa\u0142 sw\u00f3j start Piotr.<\/p>\n\n\n\n<p>\u201cCzwarte miejsce boli najbardziej. Jest niedosyt bo tak niewiele zabrak\u0142o do medalu. Mimo to jestem zadowolony z ca\u0142ych regat. Pop\u0142yn\u0119li\u015bmy najlepiej jak tylko mogli\u015bmy, ale reszta okaza\u0142a si\u0119 lepsza\u201d &#8211; powiedzia\u0142 Konrad.<\/p>\n\n\n\n<p>Serdecznie gratulujemy naszym zawodnikom \u015bwietnych wynik\u00f3w. Jeste\u015bmy dumni. <\/p>\n\n\n\n<p>fot. @juliakowacicfoto<\/p>\n\n\n\n<figure class=\"wp-block-image size-large\"><a href=\"blob:https:\/\/wtw.waw.pl\/a6a52462-c3e9-1440-ba4b-b210dbc69a19\"><img decoding=\"async\" src=\"blob:https:\/\/wtw.waw.pl\/a6a52462-c3e9-1440-ba4b-b210dbc69a19\" alt=\"\"><\/a><\/figure>\n","protected":false},"excerpt":{"rendered":"<p>Wczoraj zako\u0144czy\u0142y si\u0119 M\u0142odzie\u017cowe Mistrzostwa Europy z udzia\u0142em dw\u00f3ch naszych reprezentant\u00f3w Piotra P\u0142omi\u0144skiego oraz Konrada Doma\u0144skiego. Piotr P\u0142omi\u0144ski wywalczy\u0142 br\u0105zowy medal na jedynce, a Konrad Doma\u0144ski zaj\u0105\u0142 4 miejsce w konkurencji 4x, przegrywaj\u0105c nieznacznie na finiszowych metrach z osad\u0105 W\u0142och. Kilka s\u0142\u00f3w od naszych zawodnik\u00f3w: \u2018\u2019 Dla mnie 2-dniowy harmonogram zawod\u00f3w by\u0142 bardzo niekorzystny. Jest [&hellip;]<\/p>\n","protected":false},"author":1,"featured_media":26658,"comment_status":"closed","ping_status":"closed","sticky":false,"template":"","format":"standard","meta":{"_acf_changed":false,"footnotes":""},"categories":[1],"tags":[],"class_list":["post-26657","post","type-post","status-publish","format-standard","has-post-thumbnail","hentry","category-bez-kategorii"],"acf":[],"_links":{"self":[{"href":"https:\/\/wpserwis.cfolks.pl\/r2\/wp-json\/wp\/v2\/posts\/26657","targetHints":{"allow":["GET"]}}],"collection":[{"href":"https:\/\/wpserwis.cfolks.pl\/r2\/wp-json\/wp\/v2\/posts"}],"about":[{"href":"https:\/\/wpserwis.cfolks.pl\/r2\/wp-json\/wp\/v2\/types\/post"}],"author":[{"embeddable":true,"href":"https:\/\/wpserwis.cfolks.pl\/r2\/wp-json\/wp\/v2\/users\/1"}],"replies":[{"embeddable":true,"href":"https:\/\/wpserwis.cfolks.pl\/r2\/wp-json\/wp\/v2\/comments?post=26657"}],"version-history":[{"count":0,"href":"https:\/\/wpserwis.cfolks.pl\/r2\/wp-json\/wp\/v2\/posts\/26657\/revisions"}],"wp:featuredmedia":[{"embeddable":true,"href":"https:\/\/wpserwis.cfolks.pl\/r2\/wp-json\/"}],"wp:attachment":[{"href":"https:\/\/wpserwis.cfolks.pl\/r2\/wp-json\/wp\/v2\/media?parent=26657"}],"wp:term":[{"taxonomy":"category","embeddable":true,"href":"https:\/\/wpserwis.cfolks.pl\/r2\/wp-json\/wp\/v2\/categories?post=26657"},{"taxonomy":"post_tag","embeddable":true,"href":"https:\/\/wpserwis.cfolks.pl\/r2\/wp-json\/wp\/v2\/tags?post=26657"}],"curies":[{"name":"wp","href":"https:\/\/api.w.org\/{rel}","templated":true}]}}