{"id":26691,"date":"2021-09-08T08:46:10","date_gmt":"2021-09-08T06:46:10","guid":{"rendered":"https:\/\/wtw.waw.pl\/?p=26691"},"modified":"2021-09-08T08:46:10","modified_gmt":"2021-09-08T06:46:10","slug":"dzien-otwarty-regatowej-sekcji-zeglarskiej","status":"publish","type":"post","link":"https:\/\/wpserwis.cfolks.pl\/r2\/dzien-otwarty-regatowej-sekcji-zeglarskiej\/","title":{"rendered":"DZIE\u0143 OTWARTY REGATOWEJ SEKCJI \u017bEGLARSKIEJ!"},"content":{"rendered":"<div class=\"o9v6fnle cxmmr5t8 oygrvhab hcukyx3x c1et5uql ii04i59q\">\n<div dir=\"auto\">Zapraszamy na <strong>Dzie\u0144 Otwarty regatowej sekcji \u017ceglarskiej naszego Towarzystwa!<\/strong><\/div>\n<div dir=\"auto\">Odb\u0119dzie si\u0119 ju\u017c w najbli\u017csz\u0105 <strong>sobot\u0119 (11.09) na przystani WTW &#8222;Marina&#8221; w Zegrzu Po\u0142udniowym &#8211; ul. Warszawska 1, 05-139 Zegrze Po\u0142udniowe.<\/strong><\/div>\n<div dir=\"auto\">Zainteresowane dzieci i rodzic\u00f3 zapraszamy <strong>od godziny 12:00<\/strong>!<\/div>\n<div dir=\"auto\">&nbsp;<\/div>\n<\/div>\n<div class=\"o9v6fnle cxmmr5t8 oygrvhab hcukyx3x c1et5uql ii04i59q\">\n<div dir=\"auto\"><strong>PROGRAM<\/strong><\/div>\n<div dir=\"auto\">Poznanie \u0142\u00f3dki optymist, nauka w\u0119z\u0142\u00f3w \u017ceglarskich, rejs jachtem \u017caglowym i szybk\u0105 \u0142odzi\u0105 \u015blizgow\u0105 typu RIB.<\/div>\n<\/div>\n<div class=\"o9v6fnle cxmmr5t8 oygrvhab hcukyx3x c1et5uql ii04i59q\">\n<div dir=\"auto\">&nbsp;<\/div>\n<div dir=\"auto\"><strong>Ch\u0119\u0107 udzia\u0142u prosimy zg\u0142asza\u0107 telefonicznie: <\/strong><\/div>\n<div dir=\"auto\"><strong>Maciek Lato<\/strong><\/div>\n<div dir=\"auto\"><strong>tel. 501-749-364<\/strong><\/div>\n<\/div>\n<div class=\"o9v6fnle cxmmr5t8 oygrvhab hcukyx3x c1et5uql ii04i59q\">\n<div dir=\"auto\">&nbsp;<\/div>\n<div dir=\"auto\">Serdecznie zapraszamy do rozpocz\u0119cia swojej przygody z \u017caglami!<\/div>\n<div dir=\"auto\">&nbsp;<\/div>\n<\/div>\n<div class=\"o9v6fnle cxmmr5t8 oygrvhab hcukyx3x c1et5uql ii04i59q\">\n<div dir=\"auto\">Ps. Liczba miejsc ograniczona.<\/div>\n<\/div>\n","protected":false},"excerpt":{"rendered":"<p>Zapraszamy na Dzie\u0144 Otwarty regatowej sekcji \u017ceglarskiej naszego Towarzystwa! Odb\u0119dzie si\u0119 ju\u017c w najbli\u017csz\u0105 sobot\u0119 (11.09) na przystani WTW &#8222;Marina&#8221; w Zegrzu Po\u0142udniowym &#8211; ul. Warszawska 1, 05-139 Zegrze Po\u0142udniowe. Zainteresowane dzieci i rodzic\u00f3 zapraszamy od godziny 12:00! &nbsp; PROGRAM Poznanie \u0142\u00f3dki optymist, nauka w\u0119z\u0142\u00f3w \u017ceglarskich, rejs jachtem \u017caglowym i szybk\u0105 \u0142odzi\u0105 \u015blizgow\u0105 typu RIB. [&hellip;]<\/p>\n","protected":false},"author":1,"featured_media":26692,"comment_status":"closed","ping_status":"closed","sticky":false,"template":"","format":"standard","meta":{"_acf_changed":false,"footnotes":""},"categories":[1],"tags":[],"class_list":["post-26691","post","type-post","status-publish","format-standard","has-post-thumbnail","hentry","category-bez-kategorii"],"acf":[],"_links":{"self":[{"href":"https:\/\/wpserwis.cfolks.pl\/r2\/wp-json\/wp\/v2\/posts\/26691","targetHints":{"allow":["GET"]}}],"collection":[{"href":"https:\/\/wpserwis.cfolks.pl\/r2\/wp-json\/wp\/v2\/posts"}],"about":[{"href":"https:\/\/wpserwis.cfolks.pl\/r2\/wp-json\/wp\/v2\/types\/post"}],"author":[{"embeddable":true,"href":"https:\/\/wpserwis.cfolks.pl\/r2\/wp-json\/wp\/v2\/users\/1"}],"replies":[{"embeddable":true,"href":"https:\/\/wpserwis.cfolks.pl\/r2\/wp-json\/wp\/v2\/comments?post=26691"}],"version-history":[{"count":0,"href":"https:\/\/wpserwis.cfolks.pl\/r2\/wp-json\/wp\/v2\/posts\/26691\/revisions"}],"wp:featuredmedia":[{"embeddable":true,"href":"https:\/\/wpserwis.cfolks.pl\/r2\/wp-json\/"}],"wp:attachment":[{"href":"https:\/\/wpserwis.cfolks.pl\/r2\/wp-json\/wp\/v2\/media?parent=26691"}],"wp:term":[{"taxonomy":"category","embeddable":true,"href":"https:\/\/wpserwis.cfolks.pl\/r2\/wp-json\/wp\/v2\/categories?post=26691"},{"taxonomy":"post_tag","embeddable":true,"href":"https:\/\/wpserwis.cfolks.pl\/r2\/wp-json\/wp\/v2\/tags?post=26691"}],"curies":[{"name":"wp","href":"https:\/\/api.w.org\/{rel}","templated":true}]}}