{"id":26694,"date":"2021-09-10T16:05:06","date_gmt":"2021-09-10T14:05:06","guid":{"rendered":"https:\/\/wtw.waw.pl\/?p=26694"},"modified":"2021-09-10T16:05:06","modified_gmt":"2021-09-10T14:05:06","slug":"sprawozdanie-wtw-warszawa-za-okres-wrzesien-2020r-wrzesien-2021r","status":"publish","type":"post","link":"https:\/\/wpserwis.cfolks.pl\/r2\/sprawozdanie-wtw-warszawa-za-okres-wrzesien-2020r-wrzesien-2021r\/","title":{"rendered":"SPRAWOZDANIE WTW WARSZAWA ZA OKRES WRZESIE\u0143 2020r. &#8211; WRZESIE\u0143 2021r."},"content":{"rendered":"<p><strong>Szanowne Druhny, Szanowni Druhowie<\/strong> \u2013 uprzejmie informujemy, \u017ce od dnia 10.09.2021r. macie mo\u017cliwo\u015b\u0107 zapoznania si\u0119 ze <strong>sprawozdaniem z dzia\u0142alno\u015bci statutowej i finansowej WTW Warszawa za okres: wrzesie\u0144 2020r. \u2013 wrzesie\u0144 2021r. <\/strong><\/p>\n<p>Sprawozdanie zosta\u0142o udost\u0119pnione, w sali Zarz\u0105du WTW Warszawa, na przystani przy ul. Zaruskiego 12.<\/p>\n","protected":false},"excerpt":{"rendered":"<p>Szanowne Druhny, Szanowni Druhowie \u2013 uprzejmie informujemy, \u017ce od dnia 10.09.2021r. macie mo\u017cliwo\u015b\u0107 zapoznania si\u0119 ze sprawozdaniem z dzia\u0142alno\u015bci statutowej i finansowej WTW Warszawa za okres: wrzesie\u0144 2020r. \u2013 wrzesie\u0144 2021r. Sprawozdanie zosta\u0142o udost\u0119pnione, w sali Zarz\u0105du WTW Warszawa, na przystani przy ul. Zaruskiego 12.<\/p>\n","protected":false},"author":1,"featured_media":23761,"comment_status":"closed","ping_status":"closed","sticky":false,"template":"","format":"standard","meta":{"_acf_changed":false,"footnotes":""},"categories":[1],"tags":[],"class_list":["post-26694","post","type-post","status-publish","format-standard","has-post-thumbnail","hentry","category-bez-kategorii"],"acf":[],"_links":{"self":[{"href":"https:\/\/wpserwis.cfolks.pl\/r2\/wp-json\/wp\/v2\/posts\/26694","targetHints":{"allow":["GET"]}}],"collection":[{"href":"https:\/\/wpserwis.cfolks.pl\/r2\/wp-json\/wp\/v2\/posts"}],"about":[{"href":"https:\/\/wpserwis.cfolks.pl\/r2\/wp-json\/wp\/v2\/types\/post"}],"author":[{"embeddable":true,"href":"https:\/\/wpserwis.cfolks.pl\/r2\/wp-json\/wp\/v2\/users\/1"}],"replies":[{"embeddable":true,"href":"https:\/\/wpserwis.cfolks.pl\/r2\/wp-json\/wp\/v2\/comments?post=26694"}],"version-history":[{"count":0,"href":"https:\/\/wpserwis.cfolks.pl\/r2\/wp-json\/wp\/v2\/posts\/26694\/revisions"}],"wp:featuredmedia":[{"embeddable":true,"href":"https:\/\/wpserwis.cfolks.pl\/r2\/wp-json\/"}],"wp:attachment":[{"href":"https:\/\/wpserwis.cfolks.pl\/r2\/wp-json\/wp\/v2\/media?parent=26694"}],"wp:term":[{"taxonomy":"category","embeddable":true,"href":"https:\/\/wpserwis.cfolks.pl\/r2\/wp-json\/wp\/v2\/categories?post=26694"},{"taxonomy":"post_tag","embeddable":true,"href":"https:\/\/wpserwis.cfolks.pl\/r2\/wp-json\/wp\/v2\/tags?post=26694"}],"curies":[{"name":"wp","href":"https:\/\/api.w.org\/{rel}","templated":true}]}}