{"id":26698,"date":"2021-09-13T09:29:00","date_gmt":"2021-09-13T07:29:00","guid":{"rendered":"https:\/\/wtw.waw.pl\/?p=26698"},"modified":"2021-09-13T09:29:00","modified_gmt":"2021-09-13T07:29:00","slug":"badz-aktywny-wspolpraca-z-polskim-komitetem-paraolimpijskim","status":"publish","type":"post","link":"https:\/\/wpserwis.cfolks.pl\/r2\/badz-aktywny-wspolpraca-z-polskim-komitetem-paraolimpijskim\/","title":{"rendered":"&#8222;B\u0105d\u017a AKTYWNY! 2021&#8221; &#8211; WSP\u00d3\u0141PRACA Z POLSKIM KOMITETEM PARAOLIMPIJSKIM"},"content":{"rendered":"<div class=\"kvgmc6g5 cxmmr5t8 oygrvhab hcukyx3x c1et5uql ii04i59q\">\n<div dir=\"auto\">W miniony weekend Warszawskie Towarzystwo Wio\u015blarskie rozpocz\u0119\u0142o <a href=\"https:\/\/paralympic.org.pl\/rusza-projekt-badz-aktywny-2021\/\">program: B\u0105d\u017a AKTYWNY! 2021 (dowiedz si\u0119 wi\u0119cej)<\/a><\/div>\n<\/div>\n<div class=\"o9v6fnle cxmmr5t8 oygrvhab hcukyx3x c1et5uql ii04i59q\">\n<div dir=\"auto\">&nbsp;<\/div>\n<div dir=\"auto\">We wsp\u00f3\u0142pracy z Polskim Komitetem Paraolimpijskim oraz Specjalnym O\u015brodkiem Szkolno-Wychowawczym nr 8 dla Dzieci S\u0142abowidz\u0105cych z Warszawy, nasz Klub organizowa\u0107 b\u0119dzie dodatkowe pozalekcyjne zaj\u0119cia sportowe z wio\u015blarstwa i kajakarstwa.<\/div>\n<div dir=\"auto\">&nbsp;<\/div>\n<div dir=\"auto\">Zaj\u0119cia dedykowane s\u0105 osobom ze specjalnymi potrzebami edukacyjnymi i prowadzone przez do\u015bwiadczonych trener\u00f3w: Damiana Siwieckiego (trenera Kajakowej Sekcji Regatowej WTW) oraz Micha\u0142a Hetma\u0144czyka (wychowawc\u0119 ze Specjalnego O\u015brodka-Wychowawczego nr 8 w Warszawie).<\/div>\n<div dir=\"auto\">&nbsp;<\/div>\n<div dir=\"auto\">W zaj\u0119ciach uczestnicz\u0105 dzieci i m\u0142odzie\u017c ze szko\u0142y podstawowej oraz ponadpodstawowej.<\/div>\n<div dir=\"auto\">Dzi\u0119ki tego typu zaj\u0119ciom sportowym, dzieci i m\u0142odzie\u017c niepe\u0142nosprawna ma wi\u0119ksze szanse na wyr\u00f3wnywanie szans ze swoimi r\u00f3wie\u015bnikami ale r\u00f3wnie\u017c kszta\u0142tuje cechy motoryczne oraz poprawia koordynacj\u0119 wzrokowo-ruchow\u0105 co jest bardzo wa\u017cne u os\u00f3b z niepe\u0142nosprawno\u015bci\u0105 wzrokow\u0105.<\/div>\n<div dir=\"auto\">&nbsp;<\/div>\n<div dir=\"auto\">Zaj\u0119cia s\u0105 cykliczne i odbywa\u0107 si\u0119 b\u0119d\u0105 w okresie wrzesie\u0144 2021r. &#8211; marzec 2022r., na obiektach WTW (Zaruski i Wio\u015blarska).<\/div>\n<\/div>\n<div dir=\"auto\">&nbsp;<\/div>\n<div dir=\"auto\">&nbsp;<\/div>\n<div dir=\"auto\">&nbsp;<\/div>\n","protected":false},"excerpt":{"rendered":"<p>W miniony weekend Warszawskie Towarzystwo Wio\u015blarskie rozpocz\u0119\u0142o program: B\u0105d\u017a AKTYWNY! 2021 (dowiedz si\u0119 wi\u0119cej) &nbsp; We wsp\u00f3\u0142pracy z Polskim Komitetem Paraolimpijskim oraz Specjalnym O\u015brodkiem Szkolno-Wychowawczym nr 8 dla Dzieci S\u0142abowidz\u0105cych z Warszawy, nasz Klub organizowa\u0107 b\u0119dzie dodatkowe pozalekcyjne zaj\u0119cia sportowe z wio\u015blarstwa i kajakarstwa. &nbsp; Zaj\u0119cia dedykowane s\u0105 osobom ze specjalnymi potrzebami edukacyjnymi i prowadzone [&hellip;]<\/p>\n","protected":false},"author":1,"featured_media":26700,"comment_status":"closed","ping_status":"closed","sticky":false,"template":"","format":"standard","meta":{"_acf_changed":false,"footnotes":""},"categories":[1],"tags":[],"class_list":["post-26698","post","type-post","status-publish","format-standard","has-post-thumbnail","hentry","category-bez-kategorii"],"acf":[],"_links":{"self":[{"href":"https:\/\/wpserwis.cfolks.pl\/r2\/wp-json\/wp\/v2\/posts\/26698","targetHints":{"allow":["GET"]}}],"collection":[{"href":"https:\/\/wpserwis.cfolks.pl\/r2\/wp-json\/wp\/v2\/posts"}],"about":[{"href":"https:\/\/wpserwis.cfolks.pl\/r2\/wp-json\/wp\/v2\/types\/post"}],"author":[{"embeddable":true,"href":"https:\/\/wpserwis.cfolks.pl\/r2\/wp-json\/wp\/v2\/users\/1"}],"replies":[{"embeddable":true,"href":"https:\/\/wpserwis.cfolks.pl\/r2\/wp-json\/wp\/v2\/comments?post=26698"}],"version-history":[{"count":0,"href":"https:\/\/wpserwis.cfolks.pl\/r2\/wp-json\/wp\/v2\/posts\/26698\/revisions"}],"wp:featuredmedia":[{"embeddable":true,"href":"https:\/\/wpserwis.cfolks.pl\/r2\/wp-json\/"}],"wp:attachment":[{"href":"https:\/\/wpserwis.cfolks.pl\/r2\/wp-json\/wp\/v2\/media?parent=26698"}],"wp:term":[{"taxonomy":"category","embeddable":true,"href":"https:\/\/wpserwis.cfolks.pl\/r2\/wp-json\/wp\/v2\/categories?post=26698"},{"taxonomy":"post_tag","embeddable":true,"href":"https:\/\/wpserwis.cfolks.pl\/r2\/wp-json\/wp\/v2\/tags?post=26698"}],"curies":[{"name":"wp","href":"https:\/\/api.w.org\/{rel}","templated":true}]}}