{"id":26722,"date":"2021-09-15T09:41:12","date_gmt":"2021-09-15T07:41:12","guid":{"rendered":"https:\/\/wtw.waw.pl\/?p=26722"},"modified":"2021-09-15T09:41:12","modified_gmt":"2021-09-15T07:41:12","slug":"odliczanie-do-startu-tytana","status":"publish","type":"post","link":"https:\/\/wpserwis.cfolks.pl\/r2\/odliczanie-do-startu-tytana\/","title":{"rendered":"ODLICZANIE DO STARTU 7 EDYCJI WIO\u015aLARSKIEGO TYTANA WARSZAWY"},"content":{"rendered":"<div class=\"kvgmc6g5 cxmmr5t8 oygrvhab hcukyx3x c1et5uql ii04i59q\">\n<div dir=\"auto\">Trwa WIELKIE ODLICZANIE do rozpocz\u0119cia 7 edycji Wio\u015blarskiego Tytana Warszawy.<\/div>\n<\/div>\n<div class=\"o9v6fnle cxmmr5t8 oygrvhab hcukyx3x c1et5uql ii04i59q\">\n<div dir=\"auto\">Pierwsze eliminacje ju\u017c za 7 dni odb\u0119d\u0105 si\u0119 w dzielnicy Mokot\u00f3w (22.09 &#8211; Osir Mokot\u00f3w, ul. Niegoci\u0144ska 2A).<\/div>\n<div dir=\"auto\">Nast\u0119pnie kierujemy si\u0119 do warszawskich W\u0142och (wracamy w ten rejon Warszawy po kilku latach przerwy) oraz do kolejnych dzielnic, aby ostatecznie spotka\u0107 si\u0119 w WIELKIM FINALE z najlepszymi z najlepszych i pozna\u0107 TYTANA 2021&nbsp;.<\/div>\n<div dir=\"auto\">&nbsp;<\/div>\n<\/div>\n<div class=\"o9v6fnle cxmmr5t8 oygrvhab hcukyx3x c1et5uql ii04i59q\">\n<div dir=\"auto\">Mo\u017ce to w\u0142a\u015bnie TY p\u00f3jdziesz drog\u0105 naszych najlepszych i zostaniesz TYTANEM WARSZAWY, a nast\u0119pnie MISTRZEM \u015aWIATA w wio\u015blarstwie jak Piotr P\u0142omi\u0144ski (srebrny medalista M\u0142odzie\u017cowych Mistrzostw \u015awiata 2021, br\u0105zowy medalista M\u0142odzie\u017cowych Mistrzostw Europy i tegoroczny Mistrz Polski Senior\u00f3w).<\/div>\n<div dir=\"auto\">&nbsp;<\/div>\n<div dir=\"auto\">On swoj\u0105 przygod\u0119 z wio\u015blarstwem zaczyna\u0142 od Tytana. Wszystko jest w Twoich r\u0119kach.<\/div>\n<\/div>\n<div class=\"o9v6fnle cxmmr5t8 oygrvhab hcukyx3x c1et5uql ii04i59q\">\n<div dir=\"auto\">&nbsp;<\/div>\n<div dir=\"auto\">Zg\u0142o\u015b swoj\u0105 szko\u0142\u0119, zapro\u015b koleg\u00f3w i kole\u017canki do udzia\u0142u w zawodach Tytana.<\/div>\n<div dir=\"auto\">&nbsp;<\/div>\n<div dir=\"auto\">Ch\u0119tne szko\u0142y serdecznie zapraszamy na bezp\u0142atne lekcje instrukta\u017cowe z wios\u0142owania na ergometrach wio\u015blarskich w naszym klubie ( kontakt: agnieszka.renc@wtw.waw.pl )<\/div>\n<\/div>\n<div class=\"o9v6fnle cxmmr5t8 oygrvhab hcukyx3x c1et5uql ii04i59q\">\n<div dir=\"auto\">&nbsp;<\/div>\n<\/div>\n<div class=\"o9v6fnle cxmmr5t8 oygrvhab hcukyx3x c1et5uql ii04i59q\">\n<div dir=\"auto\">Regulamin zawod\u00f3w, formularz zg\u0142oszenia i wi\u0119cej informacji znajdziecie<a href=\"https:\/\/wpserwis.cfolks.pl\/r2\/tytan\/\"><strong> TUTAJ<\/strong><\/a><\/div>\n<\/div>\n<div dir=\"auto\">&nbsp;<\/div>\n<div dir=\"auto\">Kalendarz zawod\u00f3w:<\/div>\n<div dir=\"auto\">22.09 &#8211; OSiR Mokot\u00f3w (hala sportowa ul. Niegoci\u0144ska 2a)<\/div>\n<div dir=\"auto\">28.09 &#8211; OSiR W\u0142ochy (hala sportowa ul. G\u0142adka 18)<\/div>\n<div dir=\"auto\">30.09 &#8211; Ursus (sala sportowa SP nr 2)<\/div>\n<div dir=\"auto\">05.10 &#8211; CRS Bielany (hala sportowa ul. Lindego 20)<\/div>\n<div dir=\"auto\">07.10 &#8211; OSiR Targ\u00f3wek (ul. \u0141abiszy\u0144ska 20)<\/div>\n<div dir=\"auto\">* Bemowo, \u015ar\u00f3dmie\u015bcie, Wilan\u00f3w &#8211; w trakcie ustalania<\/div>\n<div dir=\"auto\">&nbsp;<\/div>\n<div class=\"o9v6fnle cxmmr5t8 oygrvhab hcukyx3x c1et5uql ii04i59q\">\n<div dir=\"auto\">Do zobaczenia !<\/div>\n<\/div>\n<div dir=\"auto\">&nbsp;<\/div>\n<div dir=\"auto\">fot. Mariola Matuszczyk<\/div>\n","protected":false},"excerpt":{"rendered":"<p>Trwa WIELKIE ODLICZANIE do rozpocz\u0119cia 7 edycji Wio\u015blarskiego Tytana Warszawy. Pierwsze eliminacje ju\u017c za 7 dni odb\u0119d\u0105 si\u0119 w dzielnicy Mokot\u00f3w (22.09 &#8211; Osir Mokot\u00f3w, ul. Niegoci\u0144ska 2A). Nast\u0119pnie kierujemy si\u0119 do warszawskich W\u0142och (wracamy w ten rejon Warszawy po kilku latach przerwy) oraz do kolejnych dzielnic, aby ostatecznie spotka\u0107 si\u0119 w WIELKIM FINALE z [&hellip;]<\/p>\n","protected":false},"author":1,"featured_media":26723,"comment_status":"closed","ping_status":"closed","sticky":false,"template":"","format":"standard","meta":{"_acf_changed":false,"footnotes":""},"categories":[1,13],"tags":[],"class_list":["post-26722","post","type-post","status-publish","format-standard","has-post-thumbnail","hentry","category-bez-kategorii","category-tytan"],"acf":[],"_links":{"self":[{"href":"https:\/\/wpserwis.cfolks.pl\/r2\/wp-json\/wp\/v2\/posts\/26722","targetHints":{"allow":["GET"]}}],"collection":[{"href":"https:\/\/wpserwis.cfolks.pl\/r2\/wp-json\/wp\/v2\/posts"}],"about":[{"href":"https:\/\/wpserwis.cfolks.pl\/r2\/wp-json\/wp\/v2\/types\/post"}],"author":[{"embeddable":true,"href":"https:\/\/wpserwis.cfolks.pl\/r2\/wp-json\/wp\/v2\/users\/1"}],"replies":[{"embeddable":true,"href":"https:\/\/wpserwis.cfolks.pl\/r2\/wp-json\/wp\/v2\/comments?post=26722"}],"version-history":[{"count":0,"href":"https:\/\/wpserwis.cfolks.pl\/r2\/wp-json\/wp\/v2\/posts\/26722\/revisions"}],"wp:featuredmedia":[{"embeddable":true,"href":"https:\/\/wpserwis.cfolks.pl\/r2\/wp-json\/"}],"wp:attachment":[{"href":"https:\/\/wpserwis.cfolks.pl\/r2\/wp-json\/wp\/v2\/media?parent=26722"}],"wp:term":[{"taxonomy":"category","embeddable":true,"href":"https:\/\/wpserwis.cfolks.pl\/r2\/wp-json\/wp\/v2\/categories?post=26722"},{"taxonomy":"post_tag","embeddable":true,"href":"https:\/\/wpserwis.cfolks.pl\/r2\/wp-json\/wp\/v2\/tags?post=26722"}],"curies":[{"name":"wp","href":"https:\/\/api.w.org\/{rel}","templated":true}]}}