{"id":26736,"date":"2021-09-23T10:02:56","date_gmt":"2021-09-23T08:02:56","guid":{"rendered":"https:\/\/wtw.waw.pl\/?p=26736"},"modified":"2021-09-23T10:02:56","modified_gmt":"2021-09-23T08:02:56","slug":"dwa-brazowe-medale-na-me-masters-w-bled","status":"publish","type":"post","link":"https:\/\/wpserwis.cfolks.pl\/r2\/dwa-brazowe-medale-na-me-masters-w-bled\/","title":{"rendered":"DWA BR\u0104ZOWE MEDALE NA ME MASTERS W BLED"},"content":{"rendered":"<div class=\"kvgmc6g5 cxmmr5t8 oygrvhab hcukyx3x c1et5uql ii04i59q\">\n<div dir=\"auto\">Podsumowanie Mistrzostw Europy Masters 2021 <span class=\"pq6dq46d tbxw36s4 knj5qynh kvgmc6g5 ditlmg2l oygrvhab nvdbi5me sf5mxxl7 gl3lb2sf hhz5lgdu\">.<\/span><\/div>\n<\/div>\n<div class=\"o9v6fnle cxmmr5t8 oygrvhab hcukyx3x c1et5uql ii04i59q\">\n<div dir=\"auto\">Regaty odby\u0142y si\u0119 16-19.09 na przepi\u0119knym torze w s\u0142owe\u0144skim Bled. Nasza amatorska sekcje sportowa reprezentowa\u0142o 4 zawodnik\u00f3w: Edyta Czerwi\u0144ska-Nowak, Emil Drzewek, Jakub Klimczewski oraz Micha\u0142 \u017b\u00f3\u0142kiewski. Niestety na ostatniej prostej organizatorzy wycofali z programu regat \u00f3semk\u0119 kobiet ze wzgl\u0119du na niewystarczaj\u0105c\u0105 liczb\u0119 zg\u0142oszonych osad. Nasze Panie dzielnie przygotowuj\u0105ce si\u0119 od d\u0142u\u017cszego czasu do tych regat, niestety finalnie nie wystartowa\u0142y.<\/div>\n<div dir=\"auto\">&nbsp;<\/div>\n<\/div>\n<div class=\"o9v6fnle cxmmr5t8 oygrvhab hcukyx3x c1et5uql ii04i59q\">\n<div dir=\"auto\">Cieszymy si\u0119, \u017ce mimo niskiej frekwencji nasze osady pokaza\u0142y si\u0119 z bardzo dobrej strony zdobywaj\u0105c dwa br\u0105zowe medale w konkurencjach: 2x Mixed Edyta Czerwi\u0144ska oraz Emil Drzewek, M2- Micha\u0142 \u017b\u00f3\u0142kiewski, Jakub Klimczewski. Ponadto Micha\u0142 i Kuba startowali r\u00f3wnie\u017c w konkurencji jedynek i zaj\u0119li kolejno 4 i 6 miejsce .<\/div>\n<div dir=\"auto\">&nbsp;<\/div>\n<\/div>\n<div class=\"o9v6fnle cxmmr5t8 oygrvhab hcukyx3x c1et5uql ii04i59q\">\n<div dir=\"auto\">Dla naszych zawodnik\u00f3w by\u0142a to najwi\u0119ksza tego typu impreza sportowa, w jakiej brali udzia\u0142 i wszyscy s\u0105 pod wra\u017ceniem organizacji, poziomu sportowego regat, atmosfery. Po zawodach oczywi\u015bcie by\u0142o zwiedzanie przepi\u0119knego Bled, pobliskiego jeziora Bohinj oraz stolicy S\u0142owenii Ljubljany.<\/div>\n<div dir=\"auto\">&nbsp;<\/div>\n<\/div>\n<div class=\"o9v6fnle cxmmr5t8 oygrvhab hcukyx3x c1et5uql ii04i59q\">\n<div dir=\"auto\">Za rok Mistrzostwa Europy Masters we Francji\u2026 kogo nam\u00f3wili\u015bmy do start\u00f3w za rok?<\/div>\n<\/div>\n<div class=\"o9v6fnle cxmmr5t8 oygrvhab hcukyx3x c1et5uql ii04i59q\">\n<div dir=\"auto\">&nbsp;<\/div>\n<div dir=\"auto\">Ps. Od zawodnik\u00f3w:<\/div>\n<div dir=\"auto\">\u201eBardzo dzi\u0119kujemy trenerce Agnieszce Renc za \u015bwietn\u0105 prac\u0119 w\u0142o\u017con\u0105 w przygotowania naszej osady do startu, ogromne zaanga\u017cowanie, pomoc i cierpliwo\u015b\u0107 w tej prawie rocznej ju\u017c wsp\u00f3\u0142pracy&#8221;<\/div>\n<div dir=\"auto\">&nbsp;<\/div>\n<div dir=\"auto\">Od Edyty i Emila:<\/div>\n<\/div>\n<div class=\"o9v6fnle cxmmr5t8 oygrvhab hcukyx3x c1et5uql ii04i59q\">\n<div dir=\"auto\">&#8222;Dzi\u0119kujemy Agnieszce Renc oraz Filipowi Fularze za pomoc w treningach i sprawach organizacyjnych.&#8221;<\/div>\n<\/div>\n<div class=\"o9v6fnle cxmmr5t8 oygrvhab hcukyx3x c1et5uql ii04i59q\">\n<div dir=\"auto\">&nbsp;<\/div>\n<div dir=\"auto\">Widzimy si\u0119 za ro , w miejmy nadziej\u0119 ju\u017c szerszym gronie!<\/div>\n<div dir=\"auto\">&nbsp;<\/div>\n<\/div>\n<div class=\"o9v6fnle cxmmr5t8 oygrvhab hcukyx3x c1et5uql ii04i59q\">\n<div dir=\"auto\"><span class=\"pq6dq46d tbxw36s4 knj5qynh kvgmc6g5 ditlmg2l oygrvhab nvdbi5me sf5mxxl7 gl3lb2sf hhz5lgdu\">fot. <\/span>zdj\u0119cia prywatne zawodnik\u00f3w<\/div>\n<\/div>\n<div dir=\"auto\">&nbsp;<\/div>\n<div dir=\"auto\">&nbsp;<\/div>\n<div dir=\"auto\"><a href=\"https:\/\/wpserwis.cfolks.pl\/r2\/wp-content\/uploads\/2021\/09\/242358994_4721379357895203_1232404922999151280_n.jpg\"><img loading=\"lazy\" decoding=\"async\" class=\"alignnone size-medium wp-image-26751\" src=\"https:\/\/wpserwis.cfolks.pl\/r2\/wp-content\/uploads\/2021\/09\/242358994_4721379357895203_1232404922999151280_n-300x225.jpg\" alt=\"\" width=\"300\" height=\"225\"><\/a> <a href=\"https:\/\/wpserwis.cfolks.pl\/r2\/wp-content\/uploads\/2021\/09\/242374723_4721379554561850_5015709289153367085_n.jpg\"><img loading=\"lazy\" decoding=\"async\" class=\"alignnone size-medium wp-image-26752\" src=\"https:\/\/wpserwis.cfolks.pl\/r2\/wp-content\/uploads\/2021\/09\/242374723_4721379554561850_5015709289153367085_n-300x225.jpg\" alt=\"\" width=\"300\" height=\"225\"><\/a> <a href=\"https:\/\/wpserwis.cfolks.pl\/r2\/wp-content\/uploads\/2021\/09\/242359616_4721379704561835_7728495472752636335_n.jpg\"><img loading=\"lazy\" decoding=\"async\" class=\"alignnone size-medium wp-image-26753\" src=\"https:\/\/wpserwis.cfolks.pl\/r2\/wp-content\/uploads\/2021\/09\/242359616_4721379704561835_7728495472752636335_n-225x300.jpg\" alt=\"\" width=\"225\" height=\"300\"><\/a><\/div>\n","protected":false},"excerpt":{"rendered":"<p>Podsumowanie Mistrzostw Europy Masters 2021 . Regaty odby\u0142y si\u0119 16-19.09 na przepi\u0119knym torze w s\u0142owe\u0144skim Bled. Nasza amatorska sekcje sportowa reprezentowa\u0142o 4 zawodnik\u00f3w: Edyta Czerwi\u0144ska-Nowak, Emil Drzewek, Jakub Klimczewski oraz Micha\u0142 \u017b\u00f3\u0142kiewski. Niestety na ostatniej prostej organizatorzy wycofali z programu regat \u00f3semk\u0119 kobiet ze wzgl\u0119du na niewystarczaj\u0105c\u0105 liczb\u0119 zg\u0142oszonych osad. Nasze Panie dzielnie przygotowuj\u0105ce si\u0119 [&hellip;]<\/p>\n","protected":false},"author":1,"featured_media":26737,"comment_status":"closed","ping_status":"closed","sticky":false,"template":"","format":"standard","meta":{"_acf_changed":false,"footnotes":""},"categories":[1],"tags":[],"class_list":["post-26736","post","type-post","status-publish","format-standard","has-post-thumbnail","hentry","category-bez-kategorii"],"acf":[],"_links":{"self":[{"href":"https:\/\/wpserwis.cfolks.pl\/r2\/wp-json\/wp\/v2\/posts\/26736","targetHints":{"allow":["GET"]}}],"collection":[{"href":"https:\/\/wpserwis.cfolks.pl\/r2\/wp-json\/wp\/v2\/posts"}],"about":[{"href":"https:\/\/wpserwis.cfolks.pl\/r2\/wp-json\/wp\/v2\/types\/post"}],"author":[{"embeddable":true,"href":"https:\/\/wpserwis.cfolks.pl\/r2\/wp-json\/wp\/v2\/users\/1"}],"replies":[{"embeddable":true,"href":"https:\/\/wpserwis.cfolks.pl\/r2\/wp-json\/wp\/v2\/comments?post=26736"}],"version-history":[{"count":0,"href":"https:\/\/wpserwis.cfolks.pl\/r2\/wp-json\/wp\/v2\/posts\/26736\/revisions"}],"wp:featuredmedia":[{"embeddable":true,"href":"https:\/\/wpserwis.cfolks.pl\/r2\/wp-json\/"}],"wp:attachment":[{"href":"https:\/\/wpserwis.cfolks.pl\/r2\/wp-json\/wp\/v2\/media?parent=26736"}],"wp:term":[{"taxonomy":"category","embeddable":true,"href":"https:\/\/wpserwis.cfolks.pl\/r2\/wp-json\/wp\/v2\/categories?post=26736"},{"taxonomy":"post_tag","embeddable":true,"href":"https:\/\/wpserwis.cfolks.pl\/r2\/wp-json\/wp\/v2\/tags?post=26736"}],"curies":[{"name":"wp","href":"https:\/\/api.w.org\/{rel}","templated":true}]}}