{"id":26739,"date":"2021-09-23T10:05:52","date_gmt":"2021-09-23T08:05:52","guid":{"rendered":"https:\/\/wtw.waw.pl\/?p=26739"},"modified":"2021-09-23T10:05:52","modified_gmt":"2021-09-23T08:05:52","slug":"trzy-medale-kajakarzy-na-mistrzostwach-warszawy-i-mm-mlodzikow","status":"publish","type":"post","link":"https:\/\/wpserwis.cfolks.pl\/r2\/trzy-medale-kajakarzy-na-mistrzostwach-warszawy-i-mm-mlodzikow\/","title":{"rendered":"TRZY MEDALE KAJAKARZY NA MISTRZOSTWACH WARSZAWY I MM M\u0141ODZIK\u00d3W"},"content":{"rendered":"<div class=\"o9v6fnle cxmmr5t8 oygrvhab hcukyx3x c1et5uql ii04i59q\">\n<div dir=\"auto\">W ostatni weekend nasi m\u0142odzi kajakarze brali udzia\u0142 w Mi\u0119dzywojew\u00f3dzkich Mistrzostwach M\u0142odzik\u00f3w oraz Mistrzostwach Warszawy.<\/div>\n<div dir=\"auto\">&nbsp;<\/div>\n<div dir=\"auto\">W zawodach startowa\u0142o 16 klub\u00f3w \u017ce strefy Warszawa C. Nasi zawodnicy z tych zawod\u00f3w przywie\u017ali 2 z\u0142ote medale w kategorii m\u0142odzik i junior m\u0142odszy oraz srebro w dzieciach dziewcz\u0105t.<\/div>\n<\/div>\n<div class=\"o9v6fnle cxmmr5t8 oygrvhab hcukyx3x c1et5uql ii04i59q\">\n<div dir=\"auto\"><strong>Gratulujemy medalistom, wszystkim startuj\u0105cym zawodnikom oraz trenerom!<\/strong><\/div>\n<\/div>\n<div class=\"o9v6fnle cxmmr5t8 oygrvhab hcukyx3x c1et5uql ii04i59q\">\n<div dir=\"auto\">&nbsp;<\/div>\n<div dir=\"auto\"><span class=\"pq6dq46d tbxw36s4 knj5qynh kvgmc6g5 ditlmg2l oygrvhab nvdbi5me sf5mxxl7 gl3lb2sf hhz5lgdu\">fot. <\/span> Damian Siwiecki<\/div>\n<\/div>\n","protected":false},"excerpt":{"rendered":"<p>W ostatni weekend nasi m\u0142odzi kajakarze brali udzia\u0142 w Mi\u0119dzywojew\u00f3dzkich Mistrzostwach M\u0142odzik\u00f3w oraz Mistrzostwach Warszawy. &nbsp; W zawodach startowa\u0142o 16 klub\u00f3w \u017ce strefy Warszawa C. Nasi zawodnicy z tych zawod\u00f3w przywie\u017ali 2 z\u0142ote medale w kategorii m\u0142odzik i junior m\u0142odszy oraz srebro w dzieciach dziewcz\u0105t. Gratulujemy medalistom, wszystkim startuj\u0105cym zawodnikom oraz trenerom! &nbsp; fot. Damian [&hellip;]<\/p>\n","protected":false},"author":1,"featured_media":26740,"comment_status":"closed","ping_status":"closed","sticky":false,"template":"","format":"standard","meta":{"_acf_changed":false,"footnotes":""},"categories":[1],"tags":[],"class_list":["post-26739","post","type-post","status-publish","format-standard","has-post-thumbnail","hentry","category-bez-kategorii"],"acf":[],"_links":{"self":[{"href":"https:\/\/wpserwis.cfolks.pl\/r2\/wp-json\/wp\/v2\/posts\/26739","targetHints":{"allow":["GET"]}}],"collection":[{"href":"https:\/\/wpserwis.cfolks.pl\/r2\/wp-json\/wp\/v2\/posts"}],"about":[{"href":"https:\/\/wpserwis.cfolks.pl\/r2\/wp-json\/wp\/v2\/types\/post"}],"author":[{"embeddable":true,"href":"https:\/\/wpserwis.cfolks.pl\/r2\/wp-json\/wp\/v2\/users\/1"}],"replies":[{"embeddable":true,"href":"https:\/\/wpserwis.cfolks.pl\/r2\/wp-json\/wp\/v2\/comments?post=26739"}],"version-history":[{"count":0,"href":"https:\/\/wpserwis.cfolks.pl\/r2\/wp-json\/wp\/v2\/posts\/26739\/revisions"}],"wp:featuredmedia":[{"embeddable":true,"href":"https:\/\/wpserwis.cfolks.pl\/r2\/wp-json\/"}],"wp:attachment":[{"href":"https:\/\/wpserwis.cfolks.pl\/r2\/wp-json\/wp\/v2\/media?parent=26739"}],"wp:term":[{"taxonomy":"category","embeddable":true,"href":"https:\/\/wpserwis.cfolks.pl\/r2\/wp-json\/wp\/v2\/categories?post=26739"},{"taxonomy":"post_tag","embeddable":true,"href":"https:\/\/wpserwis.cfolks.pl\/r2\/wp-json\/wp\/v2\/tags?post=26739"}],"curies":[{"name":"wp","href":"https:\/\/api.w.org\/{rel}","templated":true}]}}