{"id":26772,"date":"2021-09-27T09:25:24","date_gmt":"2021-09-27T07:25:24","guid":{"rendered":"https:\/\/wtw.waw.pl\/?p=26772"},"modified":"2021-09-27T09:25:24","modified_gmt":"2021-09-27T07:25:24","slug":"walne-zebranie-czlonkow-wtw-warszawa-podsumowanie","status":"publish","type":"post","link":"https:\/\/wpserwis.cfolks.pl\/r2\/walne-zebranie-czlonkow-wtw-warszawa-podsumowanie\/","title":{"rendered":"WALNE ZEBRANIE CZ\u0141ONK\u00d3W WTW WARSZAWA &#8211; podsumowanie"},"content":{"rendered":"<p>W minion\u0105 sobot\u0119 tj. 25.09.2021 w COS &#8222;Torwar&#8221;, odby\u0142o si\u0119 Walne Zebranie Sprawozdawcze Cz\u0142onk\u00f3w Warszawskiego Towarzystwa Wio\u015blarskiego.<\/p>\n<p>Walne Zebranie WTW na wniosek Zarz\u0105du WTW, nada\u0142o tytu\u0142y Cz\u0142onka Honorowego:<\/p>\n<p>\u015a.P. Druhowi W\u0142adys\u0142awowi Szustorowskiemu<\/p>\n<p>\u015a.P. Druhowi Zygmuntowi \u0141ozi\u0144skiemu<\/p>\n<p>oraz Druhnie Joannie Dorociak, kt\u00f3rej serdecznie gratulujemy.<\/p>\n<p>&nbsp;<\/p>\n<p>Na WZ zatwierdzone zosta\u0142y sprawozdania finansowe za rok 2020 i przyj\u0119to bud\u017cet na rok 2021.<\/p>\n<p>WZ zebranie podj\u0119\u0142o uchwa\u0142\u0119 dot. odwo\u0142ania z funkcji Cz\u0142onka Zarz\u0105du Druha Jacka Zalewskiego.<\/p>\n<p>Druhowi Jackowi, dzi\u0119kujemy za po\u015bwi\u0119cony sw\u00f3j czas w sprawy WTW i wk\u0142ad w rozw\u00f3j Towarzystwa.<\/p>\n<p>WZ uzupe\u0142ni\u0142o sk\u0142ad Komisji Rewizyjnej, do kt\u00f3rej przy zdobyciu najwi\u0119kszej ilo\u015bci g\u0142os\u00f3w &#8211; do\u0142\u0105czy\u0142 Druh Rafa\u0142 Szyma\u0144ski (ST\u017biM). Na zast\u0119pc\u00f3w Cz\u0142onka Komisji Rewizyjnej zostali wybrani: Druh Micha\u0142 Olszewski (STW) i Druh Tadeusz Isbrandt (ST\u017biM). Na pierwszym swoim zebraniu KR powinna si\u0119 na nowo ukonstytuowa\u0107.<\/p>\n<p>WZ uzupe\u0142ni\u0142o r\u00f3wnie\u017c sk\u0142ad Komisji Etyki i Spraw Cz\u0142onkowskich, do kt\u00f3rej wybrany zosta\u0142 Druh Wies\u0142aw Kobza. Komisja Etyki, podobnie jak Komisja Rewizyjna, powinna si\u0119 na nowo ukonstytuowa\u0107.<\/p>\n<p>Dzi\u0119kujemy wszystkim za tak liczne przybycie.<\/p>\n","protected":false},"excerpt":{"rendered":"<p>W minion\u0105 sobot\u0119 tj. 25.09.2021 w COS &#8222;Torwar&#8221;, odby\u0142o si\u0119 Walne Zebranie Sprawozdawcze Cz\u0142onk\u00f3w Warszawskiego Towarzystwa Wio\u015blarskiego. Walne Zebranie WTW na wniosek Zarz\u0105du WTW, nada\u0142o tytu\u0142y Cz\u0142onka Honorowego: \u015a.P. Druhowi W\u0142adys\u0142awowi Szustorowskiemu \u015a.P. Druhowi Zygmuntowi \u0141ozi\u0144skiemu oraz Druhnie Joannie Dorociak, kt\u00f3rej serdecznie gratulujemy. &nbsp; Na WZ zatwierdzone zosta\u0142y sprawozdania finansowe za rok 2020 i przyj\u0119to [&hellip;]<\/p>\n","protected":false},"author":1,"featured_media":26640,"comment_status":"closed","ping_status":"closed","sticky":false,"template":"","format":"standard","meta":{"_acf_changed":false,"footnotes":""},"categories":[1],"tags":[],"class_list":["post-26772","post","type-post","status-publish","format-standard","has-post-thumbnail","hentry","category-bez-kategorii"],"acf":[],"_links":{"self":[{"href":"https:\/\/wpserwis.cfolks.pl\/r2\/wp-json\/wp\/v2\/posts\/26772","targetHints":{"allow":["GET"]}}],"collection":[{"href":"https:\/\/wpserwis.cfolks.pl\/r2\/wp-json\/wp\/v2\/posts"}],"about":[{"href":"https:\/\/wpserwis.cfolks.pl\/r2\/wp-json\/wp\/v2\/types\/post"}],"author":[{"embeddable":true,"href":"https:\/\/wpserwis.cfolks.pl\/r2\/wp-json\/wp\/v2\/users\/1"}],"replies":[{"embeddable":true,"href":"https:\/\/wpserwis.cfolks.pl\/r2\/wp-json\/wp\/v2\/comments?post=26772"}],"version-history":[{"count":0,"href":"https:\/\/wpserwis.cfolks.pl\/r2\/wp-json\/wp\/v2\/posts\/26772\/revisions"}],"wp:featuredmedia":[{"embeddable":true,"href":"https:\/\/wpserwis.cfolks.pl\/r2\/wp-json\/"}],"wp:attachment":[{"href":"https:\/\/wpserwis.cfolks.pl\/r2\/wp-json\/wp\/v2\/media?parent=26772"}],"wp:term":[{"taxonomy":"category","embeddable":true,"href":"https:\/\/wpserwis.cfolks.pl\/r2\/wp-json\/wp\/v2\/categories?post=26772"},{"taxonomy":"post_tag","embeddable":true,"href":"https:\/\/wpserwis.cfolks.pl\/r2\/wp-json\/wp\/v2\/tags?post=26772"}],"curies":[{"name":"wp","href":"https:\/\/api.w.org\/{rel}","templated":true}]}}