{"id":26782,"date":"2021-09-28T08:08:23","date_gmt":"2021-09-28T06:08:23","guid":{"rendered":"https:\/\/wtw.waw.pl\/?p=26782"},"modified":"2021-09-28T08:08:23","modified_gmt":"2021-09-28T06:08:23","slug":"dobre-starty-wioslarskiej-mlodziezy-w-elku","status":"publish","type":"post","link":"https:\/\/wpserwis.cfolks.pl\/r2\/dobre-starty-wioslarskiej-mlodziezy-w-elku\/","title":{"rendered":"DOBRE STARTY WIO\u015aLARSKIEJ M\u0141ODZIE\u017bY W E\u0141KU"},"content":{"rendered":"<div class=\"kvgmc6g5 cxmmr5t8 oygrvhab hcukyx3x c1et5uql ii04i59q\">\n<div dir=\"auto\">W weekend odby\u0142y si\u0119 Mi\u0119dzywojew\u00f3dzkie Mistrzostwa M\u0142odzik\u00f3w w E\u0142ku. Mimo ci\u0119\u017ckich warunk\u00f3w nasza m\u0142odzie\u017c pokaza\u0142a klas\u0119.<\/div>\n<\/div>\n<div class=\"o9v6fnle cxmmr5t8 oygrvhab hcukyx3x c1et5uql ii04i59q\">\n<div dir=\"auto\">&nbsp;<\/div>\n<div dir=\"auto\">Zaj\u0119li\u015bmy pierwsze miejsce w klasyfikacji dru\u017cynowej. \u015awietnie spisali si\u0119 nasi skifi\u015bci wygrywaj\u0105c t\u0119 konkurencj\u0119 w\u015br\u00f3d dziewcz\u0105t i ch\u0142opc\u00f3w &#8211; Laura Kaleta i Bartek Matusiak .<\/div>\n<div dir=\"auto\">Na drugim miejscu podium stan\u0119\u0142y te\u017c nasz dw\u00f3jki &#8211; dziewcz\u0119ta &#8211; Laura Kaleta z Gabriel\u0105 Ko\u0142akowsk\u0105, a u ch\u0142opak\u00f3w Bartek Matusiak z Olivierem Zakrzewskim.<\/div>\n<div dir=\"auto\">&nbsp;<\/div>\n<div dir=\"auto\">Drugie miejsce zaj\u0119\u0142a r\u00f3wnie\u017c nasza czw\u00f3rka dziewczyn: Gabriela Ko\u0142akowska, Kalina Graczyk, Alicja Kordek i Weronika K\u0142os.<\/div>\n<\/div>\n<div class=\"o9v6fnle cxmmr5t8 oygrvhab hcukyx3x c1et5uql ii04i59q\">\n<div dir=\"auto\">Serdecznie gratulujemy wszystkim medalistom, startuj\u0105cym zawodnikom oraz trenerom prowadz\u0105cym Agnieszce Ca\u0142ce oraz Dominikowi Brodziakowi.<\/div>\n<div dir=\"auto\">&nbsp;<\/div>\n<div dir=\"auto\">Robota na Puchar i to w dos\u0142ownym tego s\u0142owa znaczeniu<span class=\"pq6dq46d tbxw36s4 knj5qynh kvgmc6g5 ditlmg2l oygrvhab nvdbi5me sf5mxxl7 gl3lb2sf hhz5lgdu\">.<\/span><\/div>\n<div dir=\"auto\">&nbsp;<\/div>\n<\/div>\n<div class=\"o9v6fnle cxmmr5t8 oygrvhab hcukyx3x c1et5uql ii04i59q\">\n<div dir=\"auto\">dzi\u0119kujemy za foto relacj\u0119 z zawod\u00f3w Agnieszce Kalecie :).<\/div>\n<\/div>\n<div dir=\"auto\"><a href=\"https:\/\/wpserwis.cfolks.pl\/r2\/wp-content\/uploads\/2021\/09\/243003969_4741994112500394_5898818966547377104_n.jpg\"><img loading=\"lazy\" decoding=\"async\" class=\"alignnone size-medium wp-image-26785\" src=\"https:\/\/wpserwis.cfolks.pl\/r2\/wp-content\/uploads\/2021\/09\/243003969_4741994112500394_5898818966547377104_n-300x289.jpg\" alt=\"\" width=\"300\" height=\"289\"><\/a> <a href=\"https:\/\/wpserwis.cfolks.pl\/r2\/wp-content\/uploads\/2021\/09\/242993226_4741994285833710_1246972990752403404_n.jpg\"><img loading=\"lazy\" decoding=\"async\" class=\"alignnone size-medium wp-image-26786\" src=\"https:\/\/wpserwis.cfolks.pl\/r2\/wp-content\/uploads\/2021\/09\/242993226_4741994285833710_1246972990752403404_n-300x271.jpg\" alt=\"\" width=\"300\" height=\"271\"><\/a> <a href=\"https:\/\/wpserwis.cfolks.pl\/r2\/wp-content\/uploads\/2021\/09\/242851800_4741993852500420_906097510473847361_n.jpg\"><img loading=\"lazy\" decoding=\"async\" class=\"alignnone size-medium wp-image-26787\" src=\"https:\/\/wpserwis.cfolks.pl\/r2\/wp-content\/uploads\/2021\/09\/242851800_4741993852500420_906097510473847361_n-300x269.jpg\" alt=\"\" width=\"300\" height=\"269\"><\/a><\/div>\n","protected":false},"excerpt":{"rendered":"<p>W weekend odby\u0142y si\u0119 Mi\u0119dzywojew\u00f3dzkie Mistrzostwa M\u0142odzik\u00f3w w E\u0142ku. Mimo ci\u0119\u017ckich warunk\u00f3w nasza m\u0142odzie\u017c pokaza\u0142a klas\u0119. &nbsp; Zaj\u0119li\u015bmy pierwsze miejsce w klasyfikacji dru\u017cynowej. \u015awietnie spisali si\u0119 nasi skifi\u015bci wygrywaj\u0105c t\u0119 konkurencj\u0119 w\u015br\u00f3d dziewcz\u0105t i ch\u0142opc\u00f3w &#8211; Laura Kaleta i Bartek Matusiak . Na drugim miejscu podium stan\u0119\u0142y te\u017c nasz dw\u00f3jki &#8211; dziewcz\u0119ta &#8211; Laura Kaleta [&hellip;]<\/p>\n","protected":false},"author":1,"featured_media":26783,"comment_status":"closed","ping_status":"closed","sticky":false,"template":"","format":"standard","meta":{"_acf_changed":false,"footnotes":""},"categories":[1],"tags":[],"class_list":["post-26782","post","type-post","status-publish","format-standard","has-post-thumbnail","hentry","category-bez-kategorii"],"acf":[],"_links":{"self":[{"href":"https:\/\/wpserwis.cfolks.pl\/r2\/wp-json\/wp\/v2\/posts\/26782","targetHints":{"allow":["GET"]}}],"collection":[{"href":"https:\/\/wpserwis.cfolks.pl\/r2\/wp-json\/wp\/v2\/posts"}],"about":[{"href":"https:\/\/wpserwis.cfolks.pl\/r2\/wp-json\/wp\/v2\/types\/post"}],"author":[{"embeddable":true,"href":"https:\/\/wpserwis.cfolks.pl\/r2\/wp-json\/wp\/v2\/users\/1"}],"replies":[{"embeddable":true,"href":"https:\/\/wpserwis.cfolks.pl\/r2\/wp-json\/wp\/v2\/comments?post=26782"}],"version-history":[{"count":0,"href":"https:\/\/wpserwis.cfolks.pl\/r2\/wp-json\/wp\/v2\/posts\/26782\/revisions"}],"wp:featuredmedia":[{"embeddable":true,"href":"https:\/\/wpserwis.cfolks.pl\/r2\/wp-json\/"}],"wp:attachment":[{"href":"https:\/\/wpserwis.cfolks.pl\/r2\/wp-json\/wp\/v2\/media?parent=26782"}],"wp:term":[{"taxonomy":"category","embeddable":true,"href":"https:\/\/wpserwis.cfolks.pl\/r2\/wp-json\/wp\/v2\/categories?post=26782"},{"taxonomy":"post_tag","embeddable":true,"href":"https:\/\/wpserwis.cfolks.pl\/r2\/wp-json\/wp\/v2\/tags?post=26782"}],"curies":[{"name":"wp","href":"https:\/\/api.w.org\/{rel}","templated":true}]}}