{"id":26810,"date":"2021-09-29T12:54:03","date_gmt":"2021-09-29T10:54:03","guid":{"rendered":"https:\/\/wtw.waw.pl\/?p=26810"},"modified":"2021-09-29T12:54:03","modified_gmt":"2021-09-29T10:54:03","slug":"zmiana-skladek-czlonkowskich-wtw-warszawa","status":"publish","type":"post","link":"https:\/\/wpserwis.cfolks.pl\/r2\/zmiana-skladek-czlonkowskich-wtw-warszawa\/","title":{"rendered":"ZMIANA SK\u0141ADEK CZ\u0141ONKOWSKICH WTW WARSZAWA"},"content":{"rendered":"<p>Uchwa\u0142\u0105 Walnego Zebrania Cz\u0142onk\u00f3w Warszawskiego Towarzystwa Wio\u015blarskiego z dnia 25.09.2021r., zmienia si\u0119 wysoko\u015b\u0107 sk\u0142adek cz\u0142onkowskich. Zmiana wchodzi z dniem 01.10.2021r.<\/p>\n<p>&nbsp;<\/p>\n<p><strong>Nowe stawki miesi\u0119cznych sk\u0142adek cz\u0142onkowskich:<\/strong><\/p>\n<p>Cz\u0142onek Zwyczajny i Kandydat&nbsp;&nbsp;&nbsp; <strong>70 z\u0142<\/strong><\/p>\n<p><strong>E<\/strong>meryt \/ rencista &nbsp;&nbsp;&nbsp;&nbsp;&nbsp;&nbsp;&nbsp;&nbsp;&nbsp;&nbsp;&nbsp;&nbsp;&nbsp;&nbsp;&nbsp;&nbsp;&nbsp;&nbsp;&nbsp;&nbsp;&nbsp;&nbsp;&nbsp;&nbsp;&nbsp; <strong>30 z\u0142<\/strong><\/p>\n<p>Cz\u0142onek Junior &nbsp; &nbsp; &nbsp;&nbsp; &nbsp; &nbsp; &nbsp; &nbsp; &nbsp; &nbsp; &nbsp; &nbsp;&nbsp; &nbsp;&nbsp;&nbsp;&nbsp;&nbsp; <strong>30 z\u0142<\/strong><\/p>\n<p>Cz\u0142onek Senior \/ Jubilat&nbsp;&nbsp;&nbsp; &nbsp; &nbsp;&nbsp;&nbsp;&nbsp;&nbsp;&nbsp;&nbsp;&nbsp; <strong>0,00 z\u0142<\/strong><\/p>\n<p>wpisowe dla Kandydat\u00f3w&nbsp;&nbsp;&nbsp;&nbsp;&nbsp;&nbsp; <strong>700 z\u0142 <\/strong>(op\u0142ata jednorazowa)<strong><br \/>\n<\/strong><\/p>\n<p>wpisowe dla Junior\u00f3w &nbsp;&nbsp;&nbsp;&nbsp;&nbsp;&nbsp;&nbsp;&nbsp;&nbsp;&nbsp;&nbsp;&nbsp; <strong>200 z\u0142 <\/strong>(op\u0142ata jednorazowa)<strong><br \/>\n<\/strong><\/p>\n<p>&nbsp;<\/p>\n<p>wp\u0142aty do 10-ego ka\u017cdego miesi\u0105ca na konto WTW :<\/p>\n<p>BNP PARIBAS&nbsp; 36 2030 0045 1110 0000 0198 1070<\/p>\n<p>&nbsp;<\/p>\n<p>&nbsp;<\/p>\n","protected":false},"excerpt":{"rendered":"<p>Uchwa\u0142\u0105 Walnego Zebrania Cz\u0142onk\u00f3w Warszawskiego Towarzystwa Wio\u015blarskiego z dnia 25.09.2021r., zmienia si\u0119 wysoko\u015b\u0107 sk\u0142adek cz\u0142onkowskich. Zmiana wchodzi z dniem 01.10.2021r. &nbsp; Nowe stawki miesi\u0119cznych sk\u0142adek cz\u0142onkowskich: Cz\u0142onek Zwyczajny i Kandydat&nbsp;&nbsp;&nbsp; 70 z\u0142 Emeryt \/ rencista &nbsp;&nbsp;&nbsp;&nbsp;&nbsp;&nbsp;&nbsp;&nbsp;&nbsp;&nbsp;&nbsp;&nbsp;&nbsp;&nbsp;&nbsp;&nbsp;&nbsp;&nbsp;&nbsp;&nbsp;&nbsp;&nbsp;&nbsp;&nbsp;&nbsp; 30 z\u0142 Cz\u0142onek Junior &nbsp; &nbsp; &nbsp;&nbsp; &nbsp; &nbsp; &nbsp; &nbsp; &nbsp; &nbsp; &nbsp; &nbsp;&nbsp; &nbsp;&nbsp;&nbsp;&nbsp;&nbsp; 30 z\u0142 Cz\u0142onek [&hellip;]<\/p>\n","protected":false},"author":1,"featured_media":26640,"comment_status":"closed","ping_status":"closed","sticky":false,"template":"","format":"standard","meta":{"_acf_changed":false,"footnotes":""},"categories":[1],"tags":[],"class_list":["post-26810","post","type-post","status-publish","format-standard","has-post-thumbnail","hentry","category-bez-kategorii"],"acf":[],"_links":{"self":[{"href":"https:\/\/wpserwis.cfolks.pl\/r2\/wp-json\/wp\/v2\/posts\/26810","targetHints":{"allow":["GET"]}}],"collection":[{"href":"https:\/\/wpserwis.cfolks.pl\/r2\/wp-json\/wp\/v2\/posts"}],"about":[{"href":"https:\/\/wpserwis.cfolks.pl\/r2\/wp-json\/wp\/v2\/types\/post"}],"author":[{"embeddable":true,"href":"https:\/\/wpserwis.cfolks.pl\/r2\/wp-json\/wp\/v2\/users\/1"}],"replies":[{"embeddable":true,"href":"https:\/\/wpserwis.cfolks.pl\/r2\/wp-json\/wp\/v2\/comments?post=26810"}],"version-history":[{"count":0,"href":"https:\/\/wpserwis.cfolks.pl\/r2\/wp-json\/wp\/v2\/posts\/26810\/revisions"}],"wp:featuredmedia":[{"embeddable":true,"href":"https:\/\/wpserwis.cfolks.pl\/r2\/wp-json\/"}],"wp:attachment":[{"href":"https:\/\/wpserwis.cfolks.pl\/r2\/wp-json\/wp\/v2\/media?parent=26810"}],"wp:term":[{"taxonomy":"category","embeddable":true,"href":"https:\/\/wpserwis.cfolks.pl\/r2\/wp-json\/wp\/v2\/categories?post=26810"},{"taxonomy":"post_tag","embeddable":true,"href":"https:\/\/wpserwis.cfolks.pl\/r2\/wp-json\/wp\/v2\/tags?post=26810"}],"curies":[{"name":"wp","href":"https:\/\/api.w.org\/{rel}","templated":true}]}}