{"id":26856,"date":"2021-10-05T10:06:24","date_gmt":"2021-10-05T08:06:24","guid":{"rendered":"https:\/\/wtw.waw.pl\/?p=26856"},"modified":"2021-10-05T10:06:24","modified_gmt":"2021-10-05T08:06:24","slug":"spotkanie-przy-mogile-na-starych-powazkach","status":"publish","type":"post","link":"https:\/\/wpserwis.cfolks.pl\/r2\/spotkanie-przy-mogile-na-starych-powazkach\/","title":{"rendered":"SPOTKANIE PRZY MOGILE NA STARYCH POW\u0104ZKACH"},"content":{"rendered":"<p>Dnia 14 pa\u017adziernika br., Ko\u0142o Senior\u00f3w i Jubilat\u00f3w Warszawskiego Towarzystwa Wio\u015blarskiego, jak co roku, organizuje spotkanie przy mogile tragicznie zmar\u0142ych, sto trzydzie\u015bci jeden lat temu Druh\u00f3w.<\/p>\n<p>Wszystkich ch\u0119tnych do wzi\u0119cia udzia\u0142u w porz\u0105dkowaniu grobu, zapaleniu zniczy oraz z\u0142o\u017cenia kwiat\u00f3w i oddania czci zmar\u0142ym Druhom, zapraszamy 14.10.2021r.:<\/p>\n<ul>\n<li>o godzinie 11:00 na przysta\u0144 WTW przy ul. Zaruskiego 12, sk\u0105d klubowym busem wyje\u017cd\u017ca\u0142 b\u0119dzie transport na Cmentarz<\/li>\n<li>ok. godziny 11:30\/12:00 na spotkanie pod IV Bram\u0105 Cmentarza, przy ul. Pow\u0105zkowskiej, gdzie czeka\u0107 b\u0119d\u0105 osoby jad\u0105ce z siedziby WTW<\/li>\n<\/ul>\n<p>Poni\u017cej zamieszczamy zaproszenie od Ko\u0142a Senior\u00f3w i Jubilat\u00f3w do wzi\u0119cia udzia\u0142u w spotkaniu:<\/p>\n<p><a href=\"https:\/\/wpserwis.cfolks.pl\/r2\/wp-content\/uploads\/2021\/10\/Zaproszenie-na-Spotkanie-przy-Mogile-2021.pdf\">Zaproszenie na Spotkanie przy Mogile &#8211; 2021<\/a><\/p>\n<p>&nbsp;<\/p>\n<p>&nbsp;<\/p>\n","protected":false},"excerpt":{"rendered":"<p>Dnia 14 pa\u017adziernika br., Ko\u0142o Senior\u00f3w i Jubilat\u00f3w Warszawskiego Towarzystwa Wio\u015blarskiego, jak co roku, organizuje spotkanie przy mogile tragicznie zmar\u0142ych, sto trzydzie\u015bci jeden lat temu Druh\u00f3w. Wszystkich ch\u0119tnych do wzi\u0119cia udzia\u0142u w porz\u0105dkowaniu grobu, zapaleniu zniczy oraz z\u0142o\u017cenia kwiat\u00f3w i oddania czci zmar\u0142ym Druhom, zapraszamy 14.10.2021r.: o godzinie 11:00 na przysta\u0144 WTW przy ul. Zaruskiego [&hellip;]<\/p>\n","protected":false},"author":1,"featured_media":26857,"comment_status":"closed","ping_status":"closed","sticky":false,"template":"","format":"standard","meta":{"_acf_changed":false,"footnotes":""},"categories":[1],"tags":[],"class_list":["post-26856","post","type-post","status-publish","format-standard","has-post-thumbnail","hentry","category-bez-kategorii"],"acf":[],"_links":{"self":[{"href":"https:\/\/wpserwis.cfolks.pl\/r2\/wp-json\/wp\/v2\/posts\/26856","targetHints":{"allow":["GET"]}}],"collection":[{"href":"https:\/\/wpserwis.cfolks.pl\/r2\/wp-json\/wp\/v2\/posts"}],"about":[{"href":"https:\/\/wpserwis.cfolks.pl\/r2\/wp-json\/wp\/v2\/types\/post"}],"author":[{"embeddable":true,"href":"https:\/\/wpserwis.cfolks.pl\/r2\/wp-json\/wp\/v2\/users\/1"}],"replies":[{"embeddable":true,"href":"https:\/\/wpserwis.cfolks.pl\/r2\/wp-json\/wp\/v2\/comments?post=26856"}],"version-history":[{"count":0,"href":"https:\/\/wpserwis.cfolks.pl\/r2\/wp-json\/wp\/v2\/posts\/26856\/revisions"}],"wp:featuredmedia":[{"embeddable":true,"href":"https:\/\/wpserwis.cfolks.pl\/r2\/wp-json\/"}],"wp:attachment":[{"href":"https:\/\/wpserwis.cfolks.pl\/r2\/wp-json\/wp\/v2\/media?parent=26856"}],"wp:term":[{"taxonomy":"category","embeddable":true,"href":"https:\/\/wpserwis.cfolks.pl\/r2\/wp-json\/wp\/v2\/categories?post=26856"},{"taxonomy":"post_tag","embeddable":true,"href":"https:\/\/wpserwis.cfolks.pl\/r2\/wp-json\/wp\/v2\/tags?post=26856"}],"curies":[{"name":"wp","href":"https:\/\/api.w.org\/{rel}","templated":true}]}}