{"id":26954,"date":"2021-10-19T10:47:20","date_gmt":"2021-10-19T08:47:20","guid":{"rendered":"https:\/\/wtw.waw.pl\/?p=26954"},"modified":"2021-10-19T10:47:20","modified_gmt":"2021-10-19T08:47:20","slug":"pazdziernikowe-regaty-o-puchar-uks-sindbad","status":"publish","type":"post","link":"https:\/\/wpserwis.cfolks.pl\/r2\/pazdziernikowe-regaty-o-puchar-uks-sindbad\/","title":{"rendered":"PA\u0179DZIERNIKOWE REGATY O PUCHAR UKS &#8222;SINDBAD&#8221;"},"content":{"rendered":"<div class=\"o9v6fnle cxmmr5t8 oygrvhab hcukyx3x c1et5uql ii04i59q\">\n<div dir=\"auto\">Jesie\u0144 w pe\u0142ni, Sekcja Regatowa \u017beglarska nieustaj\u0105co \u017cegluje. W miniony weekend, nad Zalewem Zegrzy\u0144skim, odby\u0142y si\u0119 regaty o Puchar Uczniowskiego Klubu Sportowego &#8222;Sindbad&#8221;.<\/div>\n<div dir=\"auto\">M\u0142odzi zawodnicy WTW uko\u0144czyli wszystkie sze\u015b\u0107 wy\u015bcig\u00f3w. Gratulacje dla ca\u0142ej dru\u017cyny.<\/div>\n<div dir=\"auto\">Wiktor Maria\u0144ski zdoby\u0142 trzecie miejsce w\u015br\u00f3d ch\u0142opc\u00f3w, Kajetan Cie\u015blak miejsce si\u00f3dme , a Franek Junko miejsce dwunaste.<\/div>\n<div dir=\"auto\">&nbsp;<\/div>\n<div dir=\"auto\">Tym samym zako\u0144czyli\u015bmy seri\u0119 pa\u017adziernikowych regat.<\/div>\n<\/div>\n<div class=\"o9v6fnle cxmmr5t8 oygrvhab hcukyx3x c1et5uql ii04i59q\">\n<div dir=\"auto\">&nbsp;<\/div>\n<div dir=\"auto\">Brawa dla zawodnik\u00f3w<span class=\"pq6dq46d tbxw36s4 knj5qynh kvgmc6g5 ditlmg2l oygrvhab nvdbi5me sf5mxxl7 gl3lb2sf hhz5lgdu\"> i ich Trenera Ma\u0107ka Lato.<\/span><\/div>\n<div dir=\"auto\">&nbsp;<\/div>\n<\/div>\n<div dir=\"auto\"><a href=\"https:\/\/wpserwis.cfolks.pl\/r2\/wp-content\/uploads\/2021\/10\/246029349_4809269002439571_4829978303546011019_n.jpg\"><img loading=\"lazy\" decoding=\"async\" class=\"alignnone size-medium wp-image-26956\" src=\"https:\/\/wpserwis.cfolks.pl\/r2\/wp-content\/uploads\/2021\/10\/246029349_4809269002439571_4829978303546011019_n-300x225.jpg\" alt=\"\" width=\"300\" height=\"225\"><\/a> <a href=\"https:\/\/wpserwis.cfolks.pl\/r2\/wp-content\/uploads\/2021\/10\/246454963_4809268825772922_7226856314869344352_n.jpg\"><img loading=\"lazy\" decoding=\"async\" class=\"alignnone size-medium wp-image-26957\" src=\"https:\/\/wpserwis.cfolks.pl\/r2\/wp-content\/uploads\/2021\/10\/246454963_4809268825772922_7226856314869344352_n-300x225.jpg\" alt=\"\" width=\"300\" height=\"225\"><\/a><\/div>\n","protected":false},"excerpt":{"rendered":"<p>Jesie\u0144 w pe\u0142ni, Sekcja Regatowa \u017beglarska nieustaj\u0105co \u017cegluje. W miniony weekend, nad Zalewem Zegrzy\u0144skim, odby\u0142y si\u0119 regaty o Puchar Uczniowskiego Klubu Sportowego &#8222;Sindbad&#8221;. M\u0142odzi zawodnicy WTW uko\u0144czyli wszystkie sze\u015b\u0107 wy\u015bcig\u00f3w. Gratulacje dla ca\u0142ej dru\u017cyny. Wiktor Maria\u0144ski zdoby\u0142 trzecie miejsce w\u015br\u00f3d ch\u0142opc\u00f3w, Kajetan Cie\u015blak miejsce si\u00f3dme , a Franek Junko miejsce dwunaste. &nbsp; Tym samym zako\u0144czyli\u015bmy [&hellip;]<\/p>\n","protected":false},"author":1,"featured_media":26955,"comment_status":"closed","ping_status":"closed","sticky":false,"template":"","format":"standard","meta":{"_acf_changed":false,"footnotes":""},"categories":[1],"tags":[],"class_list":["post-26954","post","type-post","status-publish","format-standard","has-post-thumbnail","hentry","category-bez-kategorii"],"acf":[],"_links":{"self":[{"href":"https:\/\/wpserwis.cfolks.pl\/r2\/wp-json\/wp\/v2\/posts\/26954","targetHints":{"allow":["GET"]}}],"collection":[{"href":"https:\/\/wpserwis.cfolks.pl\/r2\/wp-json\/wp\/v2\/posts"}],"about":[{"href":"https:\/\/wpserwis.cfolks.pl\/r2\/wp-json\/wp\/v2\/types\/post"}],"author":[{"embeddable":true,"href":"https:\/\/wpserwis.cfolks.pl\/r2\/wp-json\/wp\/v2\/users\/1"}],"replies":[{"embeddable":true,"href":"https:\/\/wpserwis.cfolks.pl\/r2\/wp-json\/wp\/v2\/comments?post=26954"}],"version-history":[{"count":0,"href":"https:\/\/wpserwis.cfolks.pl\/r2\/wp-json\/wp\/v2\/posts\/26954\/revisions"}],"wp:featuredmedia":[{"embeddable":true,"href":"https:\/\/wpserwis.cfolks.pl\/r2\/wp-json\/"}],"wp:attachment":[{"href":"https:\/\/wpserwis.cfolks.pl\/r2\/wp-json\/wp\/v2\/media?parent=26954"}],"wp:term":[{"taxonomy":"category","embeddable":true,"href":"https:\/\/wpserwis.cfolks.pl\/r2\/wp-json\/wp\/v2\/categories?post=26954"},{"taxonomy":"post_tag","embeddable":true,"href":"https:\/\/wpserwis.cfolks.pl\/r2\/wp-json\/wp\/v2\/tags?post=26954"}],"curies":[{"name":"wp","href":"https:\/\/api.w.org\/{rel}","templated":true}]}}