{"id":26959,"date":"2021-10-19T15:48:13","date_gmt":"2021-10-19T13:48:13","guid":{"rendered":"https:\/\/wtw.waw.pl\/?p=26959"},"modified":"2021-10-19T15:48:13","modified_gmt":"2021-10-19T13:48:13","slug":"marcin-brzezinski-w-zarzadzie-wtw-warszawa","status":"publish","type":"post","link":"https:\/\/wpserwis.cfolks.pl\/r2\/marcin-brzezinski-w-zarzadzie-wtw-warszawa\/","title":{"rendered":"MARCIN BRZEZI\u0143SKI W ZARZ\u0104DZIE WTW WARSZAWA"},"content":{"rendered":"<p>Zarz\u0105d Warszawskiego Towarzystwa Wio\u015blarskiego informuje, \u017ce w dniu 19.10.2021r., podj\u0105\u0142 uchwa\u0142\u0119 w sprawie powo\u0142ania na funkcj\u0119 Cz\u0142onka Zarz\u0105du Stowarzyszenia Druha Marcina Brzezi\u0144skiego.<\/p>\n<p>Uchwa\u0142a w sprawie powo\u0142ania, wesz\u0142a w \u017cycie z chwil\u0105 jej podj\u0119cia.<\/p>\n<p>W kompetencji Marcina Brzezi\u0144skiego b\u0119dzie m.in.: dba\u0142o\u015b\u0107 o komunikacj\u0119 w\u0142adz WTW z zawodnikami WTW, dzia\u0142ania na rzecz aktywizowania dzieci i m\u0142odzie\u017cy \/ zawodnik\u00f3w WTW, inicjowanie program\u00f3w s\u0142u\u017c\u0105cych poprawie warunk\u00f3w treningowych oraz \u017cycia klubowego WTW Warszawa, reprezentacja w kontaktach z instytucjami i organizacjami dzia\u0142aj\u0105cymi na rzecz dzieci i m\u0142odzie\u017cy.<\/p>\n<p>Marcin Brzezi\u0144ski, jest wychowankiem naszego Klubu, czterokrotnym uczestnikiem Igrzysk Olimpijskich, multimedalist\u0105 najwi\u0119kszych imprez wio\u015blarskich na \u015bwiecie, aktualnym Mistrzem \u015awiata (M4-).<\/p>\n<p>Serdecznie gratulujemy.<\/p>\n<p>&nbsp;<\/p>\n","protected":false},"excerpt":{"rendered":"<p>Zarz\u0105d Warszawskiego Towarzystwa Wio\u015blarskiego informuje, \u017ce w dniu 19.10.2021r., podj\u0105\u0142 uchwa\u0142\u0119 w sprawie powo\u0142ania na funkcj\u0119 Cz\u0142onka Zarz\u0105du Stowarzyszenia Druha Marcina Brzezi\u0144skiego. Uchwa\u0142a w sprawie powo\u0142ania, wesz\u0142a w \u017cycie z chwil\u0105 jej podj\u0119cia. W kompetencji Marcina Brzezi\u0144skiego b\u0119dzie m.in.: dba\u0142o\u015b\u0107 o komunikacj\u0119 w\u0142adz WTW z zawodnikami WTW, dzia\u0142ania na rzecz aktywizowania dzieci i m\u0142odzie\u017cy \/ [&hellip;]<\/p>\n","protected":false},"author":1,"featured_media":26960,"comment_status":"closed","ping_status":"closed","sticky":false,"template":"","format":"standard","meta":{"_acf_changed":false,"footnotes":""},"categories":[1],"tags":[],"class_list":["post-26959","post","type-post","status-publish","format-standard","has-post-thumbnail","hentry","category-bez-kategorii"],"acf":[],"_links":{"self":[{"href":"https:\/\/wpserwis.cfolks.pl\/r2\/wp-json\/wp\/v2\/posts\/26959","targetHints":{"allow":["GET"]}}],"collection":[{"href":"https:\/\/wpserwis.cfolks.pl\/r2\/wp-json\/wp\/v2\/posts"}],"about":[{"href":"https:\/\/wpserwis.cfolks.pl\/r2\/wp-json\/wp\/v2\/types\/post"}],"author":[{"embeddable":true,"href":"https:\/\/wpserwis.cfolks.pl\/r2\/wp-json\/wp\/v2\/users\/1"}],"replies":[{"embeddable":true,"href":"https:\/\/wpserwis.cfolks.pl\/r2\/wp-json\/wp\/v2\/comments?post=26959"}],"version-history":[{"count":0,"href":"https:\/\/wpserwis.cfolks.pl\/r2\/wp-json\/wp\/v2\/posts\/26959\/revisions"}],"wp:featuredmedia":[{"embeddable":true,"href":"https:\/\/wpserwis.cfolks.pl\/r2\/wp-json\/"}],"wp:attachment":[{"href":"https:\/\/wpserwis.cfolks.pl\/r2\/wp-json\/wp\/v2\/media?parent=26959"}],"wp:term":[{"taxonomy":"category","embeddable":true,"href":"https:\/\/wpserwis.cfolks.pl\/r2\/wp-json\/wp\/v2\/categories?post=26959"},{"taxonomy":"post_tag","embeddable":true,"href":"https:\/\/wpserwis.cfolks.pl\/r2\/wp-json\/wp\/v2\/tags?post=26959"}],"curies":[{"name":"wp","href":"https:\/\/api.w.org\/{rel}","templated":true}]}}