{"id":27002,"date":"2021-10-20T15:13:52","date_gmt":"2021-10-20T13:13:52","guid":{"rendered":"https:\/\/wtw.waw.pl\/?p=27002"},"modified":"2021-10-20T15:13:52","modified_gmt":"2021-10-20T13:13:52","slug":"zakonczenie-sezonu-06-11-2021r","status":"publish","type":"post","link":"https:\/\/wpserwis.cfolks.pl\/r2\/zakonczenie-sezonu-06-11-2021r\/","title":{"rendered":"ZAKO\u0143CZENIE SEZONU SPORTOWO &#8211; TURYSTYCZNEGO 06.11.2021r."},"content":{"rendered":"<p>Zarz\u0105d Warszawskiego Towarzystwa Wio\u015blarskiego zaprasza na 143-cie Zamkni\u0119cie Sezonu Sportowo &#8211; Turystycznego 2021, kt\u00f3re odb\u0119dzie si\u0119 w dniu 6 listopada 2021r. na Przystani WTW przy ul.&nbsp; Zaruskiego 12.<\/p>\n<p>&nbsp;<\/p>\n<p><strong>Program:<\/strong><\/p>\n<p><strong>09:00&nbsp;<\/strong> &#8211; Msza \u015awi\u0119ta ze sztandarem w Ko\u015bciele pod wezwaniem \u015aw. Tr\u00f3jcy, (ul. Solec 61).<\/p>\n<p><strong>10:30<\/strong>&nbsp; &#8211; Pocz\u0105tek oficjalnej uroczysto\u015bci (przysta\u0144 WTW, ul. Zaruskiego 12):&nbsp;&nbsp;&nbsp;&nbsp;&nbsp;&nbsp;&nbsp;&nbsp;&nbsp;&nbsp;&nbsp;&nbsp;&nbsp;&nbsp;&nbsp;&nbsp;&nbsp;<\/p>\n<p>Meldunek<\/p>\n<p>Wej\u015bcie pocztu sztandarowego i flagowego<\/p>\n<p>Wyst\u0105pienie Prezesa WTW<\/p>\n<p>Podzi\u0119kowania<\/p>\n<p>Wr\u0119czenie nagr\u00f3d \u201eNadzieja WTW\u201d<\/p>\n<p>Wr\u0119czenie nagrody dla najlepszego sportowca WTW w 2021r.<\/p>\n<p>Chrzest \u0142odzi<\/p>\n<p>Opuszczenie flagi WTW<\/p>\n<p>&nbsp;Wyj\u015bcie pocztu sztandarowego oraz zako\u0144czenie oficjalnej cz\u0119\u015bci<\/p>\n<p><strong>11:20<\/strong>&nbsp; &#8211; Zako\u0144czenie uroczysto\u015bci, pocz\u0119stunek.<\/p>\n<p>&nbsp;&nbsp;&nbsp;&nbsp;&nbsp;&nbsp;&nbsp;<\/p>\n<p>&nbsp;<\/p>\n","protected":false},"excerpt":{"rendered":"<p>Zarz\u0105d Warszawskiego Towarzystwa Wio\u015blarskiego zaprasza na 143-cie Zamkni\u0119cie Sezonu Sportowo &#8211; Turystycznego 2021, kt\u00f3re odb\u0119dzie si\u0119 w dniu 6 listopada 2021r. na Przystani WTW przy ul.&nbsp; Zaruskiego 12. &nbsp; Program: 09:00&nbsp; &#8211; Msza \u015awi\u0119ta ze sztandarem w Ko\u015bciele pod wezwaniem \u015aw. Tr\u00f3jcy, (ul. Solec 61). 10:30&nbsp; &#8211; Pocz\u0105tek oficjalnej uroczysto\u015bci (przysta\u0144 WTW, ul. Zaruskiego 12):&nbsp;&nbsp;&nbsp;&nbsp;&nbsp;&nbsp;&nbsp;&nbsp;&nbsp;&nbsp;&nbsp;&nbsp;&nbsp;&nbsp;&nbsp;&nbsp;&nbsp; [&hellip;]<\/p>\n","protected":false},"author":1,"featured_media":26640,"comment_status":"closed","ping_status":"closed","sticky":false,"template":"","format":"standard","meta":{"_acf_changed":false,"footnotes":""},"categories":[1],"tags":[],"class_list":["post-27002","post","type-post","status-publish","format-standard","has-post-thumbnail","hentry","category-bez-kategorii"],"acf":[],"_links":{"self":[{"href":"https:\/\/wpserwis.cfolks.pl\/r2\/wp-json\/wp\/v2\/posts\/27002","targetHints":{"allow":["GET"]}}],"collection":[{"href":"https:\/\/wpserwis.cfolks.pl\/r2\/wp-json\/wp\/v2\/posts"}],"about":[{"href":"https:\/\/wpserwis.cfolks.pl\/r2\/wp-json\/wp\/v2\/types\/post"}],"author":[{"embeddable":true,"href":"https:\/\/wpserwis.cfolks.pl\/r2\/wp-json\/wp\/v2\/users\/1"}],"replies":[{"embeddable":true,"href":"https:\/\/wpserwis.cfolks.pl\/r2\/wp-json\/wp\/v2\/comments?post=27002"}],"version-history":[{"count":0,"href":"https:\/\/wpserwis.cfolks.pl\/r2\/wp-json\/wp\/v2\/posts\/27002\/revisions"}],"wp:featuredmedia":[{"embeddable":true,"href":"https:\/\/wpserwis.cfolks.pl\/r2\/wp-json\/"}],"wp:attachment":[{"href":"https:\/\/wpserwis.cfolks.pl\/r2\/wp-json\/wp\/v2\/media?parent=27002"}],"wp:term":[{"taxonomy":"category","embeddable":true,"href":"https:\/\/wpserwis.cfolks.pl\/r2\/wp-json\/wp\/v2\/categories?post=27002"},{"taxonomy":"post_tag","embeddable":true,"href":"https:\/\/wpserwis.cfolks.pl\/r2\/wp-json\/wp\/v2\/tags?post=27002"}],"curies":[{"name":"wp","href":"https:\/\/api.w.org\/{rel}","templated":true}]}}