{"id":27039,"date":"2021-11-03T14:24:07","date_gmt":"2021-11-03T13:24:07","guid":{"rendered":"https:\/\/wtw.waw.pl\/?p=27039"},"modified":"2021-11-03T14:24:07","modified_gmt":"2021-11-03T13:24:07","slug":"nadzwyczajne-walne-zebranie-czlonkow-wtw-warszawa","status":"publish","type":"post","link":"https:\/\/wpserwis.cfolks.pl\/r2\/nadzwyczajne-walne-zebranie-czlonkow-wtw-warszawa\/","title":{"rendered":"NADZWYCZAJNE WALNE ZEBRANIE CZ\u0141ONK\u00d3W WTW WARSZAWA"},"content":{"rendered":"<p>Zarz\u0105d Warszawskiego Towarzystwa Wio\u015blarskiego informuje, \u017ce na dzie\u0144 27.11.2021r. zwo\u0142ane zosta\u0142o <strong>Nadzwyczajne Walne Zebranie Cz\u0142onk\u00f3w Warszawskiego Towarzystwa Wio\u015blarskiego. <\/strong><\/p>\n<!-- \/wp:post-content -->\n\n<!-- wp:paragraph -->\n<p><strong>NWZ odb\u0119dzie 27 listopada 2021r. (sobota) w budynku WTW przy ul. Wio\u015blarskiej 6 (sala konferencyjna, parter), I-szy termin godzina 10:30, II-gi termin godzina 10:45. <\/strong><\/p>\n<!-- \/wp:paragraph -->\n\n<!-- wp:paragraph -->\n<p>&nbsp;<\/p>\n<p>Poni\u017cej znajduje si\u0119 zaproszenie wraz z porz\u0105dkiem obrad wraz z uzasadnieniem zwo\u0142ania zebrania.<\/p>\n<p>&nbsp;<\/p>\n<p><strong>Pobierz plik:<\/strong> <em><strong><a href=\"https:\/\/wtw.waw.pl\/wp-content\/uploads\/2021\/11\/Nadzwyczajne-Walne-Zebranie-Zaproszenie.pdf\">Nadzwyczajne Walne Zebranie &#8211; Zaproszenie<\/a> &nbsp;<\/strong><\/em> &nbsp;<\/p>\n<p>&nbsp;<\/p>\n<p>&nbsp;<\/p>\n<p>&nbsp;<\/p>\n<p>&nbsp;<\/p>\n<p>&nbsp; .<\/p>","protected":false},"excerpt":{"rendered":"<p>Zarz\u0105d Warszawskiego Towarzystwa Wio\u015blarskiego informuje, \u017ce na dzie\u0144 27.11.2021r. zwo\u0142ane zosta\u0142o Nadzwyczajne Walne Zebranie Cz\u0142onk\u00f3w Warszawskiego Towarzystwa Wio\u015blarskiego. NWZ odb\u0119dzie 27 listopada 2021r. (sobota) w budynku WTW przy ul. Wio\u015blarskiej 6 (sala konferencyjna, parter), I-szy termin godzina 10:30, II-gi termin godzina 10:45. &nbsp; Poni\u017cej znajduje si\u0119 zaproszenie wraz z porz\u0105dkiem obrad wraz z uzasadnieniem zwo\u0142ania [&hellip;]<\/p>\n","protected":false},"author":1,"featured_media":26640,"comment_status":"closed","ping_status":"closed","sticky":false,"template":"","format":"standard","meta":{"_acf_changed":false,"footnotes":""},"categories":[1],"tags":[],"class_list":["post-27039","post","type-post","status-publish","format-standard","has-post-thumbnail","hentry","category-bez-kategorii"],"acf":[],"_links":{"self":[{"href":"https:\/\/wpserwis.cfolks.pl\/r2\/wp-json\/wp\/v2\/posts\/27039","targetHints":{"allow":["GET"]}}],"collection":[{"href":"https:\/\/wpserwis.cfolks.pl\/r2\/wp-json\/wp\/v2\/posts"}],"about":[{"href":"https:\/\/wpserwis.cfolks.pl\/r2\/wp-json\/wp\/v2\/types\/post"}],"author":[{"embeddable":true,"href":"https:\/\/wpserwis.cfolks.pl\/r2\/wp-json\/wp\/v2\/users\/1"}],"replies":[{"embeddable":true,"href":"https:\/\/wpserwis.cfolks.pl\/r2\/wp-json\/wp\/v2\/comments?post=27039"}],"version-history":[{"count":0,"href":"https:\/\/wpserwis.cfolks.pl\/r2\/wp-json\/wp\/v2\/posts\/27039\/revisions"}],"wp:featuredmedia":[{"embeddable":true,"href":"https:\/\/wpserwis.cfolks.pl\/r2\/wp-json\/"}],"wp:attachment":[{"href":"https:\/\/wpserwis.cfolks.pl\/r2\/wp-json\/wp\/v2\/media?parent=27039"}],"wp:term":[{"taxonomy":"category","embeddable":true,"href":"https:\/\/wpserwis.cfolks.pl\/r2\/wp-json\/wp\/v2\/categories?post=27039"},{"taxonomy":"post_tag","embeddable":true,"href":"https:\/\/wpserwis.cfolks.pl\/r2\/wp-json\/wp\/v2\/tags?post=27039"}],"curies":[{"name":"wp","href":"https:\/\/api.w.org\/{rel}","templated":true}]}}