{"id":27091,"date":"2021-11-16T09:17:41","date_gmt":"2021-11-16T08:17:41","guid":{"rendered":"https:\/\/wtw.waw.pl\/?p=27091"},"modified":"2021-11-16T09:17:41","modified_gmt":"2021-11-16T08:17:41","slug":"zimowa-siedziba-biura-wtw-2","status":"publish","type":"post","link":"https:\/\/wpserwis.cfolks.pl\/r2\/zimowa-siedziba-biura-wtw-2\/","title":{"rendered":"ZIMOWA SIEDZIBA BIURA WTW"},"content":{"rendered":"<p>Uprzejmie informujemy, \u017ce na okres zimowy (od 15 listopada 2021r. do wiosny 2022r.) <strong>biuro Warszawskiego Towarzystwa Wio\u015blarskiego przeniesione zosta\u0142o na nasz\u0105 przysta\u0144 przy ul. Wio\u015blarskiej 6<\/strong>.<\/p>\n<p>Interesant\u00f3w zapraszamy od poniedzia\u0142ku do pi\u0105tku w godzinach od 8:00 do 16:00.<\/p>\n<p>&nbsp;<\/p>\n<p><a href=\"https:\/\/wpserwis.cfolks.pl\/r2\/wp-content\/uploads\/2021\/08\/W6.jpg\"><img loading=\"lazy\" decoding=\"async\" class=\"alignnone size-medium wp-image-26559\" src=\"https:\/\/wpserwis.cfolks.pl\/r2\/wp-content\/uploads\/2021\/08\/W6-300x200.jpg\" alt=\"\" width=\"300\" height=\"200\"><\/a><\/p>\n","protected":false},"excerpt":{"rendered":"<p>Uprzejmie informujemy, \u017ce na okres zimowy (od 15 listopada 2021r. do wiosny 2022r.) biuro Warszawskiego Towarzystwa Wio\u015blarskiego przeniesione zosta\u0142o na nasz\u0105 przysta\u0144 przy ul. Wio\u015blarskiej 6. Interesant\u00f3w zapraszamy od poniedzia\u0142ku do pi\u0105tku w godzinach od 8:00 do 16:00. &nbsp;<\/p>\n","protected":false},"author":1,"featured_media":25017,"comment_status":"closed","ping_status":"closed","sticky":false,"template":"","format":"standard","meta":{"_acf_changed":false,"footnotes":""},"categories":[1],"tags":[],"class_list":["post-27091","post","type-post","status-publish","format-standard","has-post-thumbnail","hentry","category-bez-kategorii"],"acf":[],"_links":{"self":[{"href":"https:\/\/wpserwis.cfolks.pl\/r2\/wp-json\/wp\/v2\/posts\/27091","targetHints":{"allow":["GET"]}}],"collection":[{"href":"https:\/\/wpserwis.cfolks.pl\/r2\/wp-json\/wp\/v2\/posts"}],"about":[{"href":"https:\/\/wpserwis.cfolks.pl\/r2\/wp-json\/wp\/v2\/types\/post"}],"author":[{"embeddable":true,"href":"https:\/\/wpserwis.cfolks.pl\/r2\/wp-json\/wp\/v2\/users\/1"}],"replies":[{"embeddable":true,"href":"https:\/\/wpserwis.cfolks.pl\/r2\/wp-json\/wp\/v2\/comments?post=27091"}],"version-history":[{"count":0,"href":"https:\/\/wpserwis.cfolks.pl\/r2\/wp-json\/wp\/v2\/posts\/27091\/revisions"}],"wp:featuredmedia":[{"embeddable":true,"href":"https:\/\/wpserwis.cfolks.pl\/r2\/wp-json\/"}],"wp:attachment":[{"href":"https:\/\/wpserwis.cfolks.pl\/r2\/wp-json\/wp\/v2\/media?parent=27091"}],"wp:term":[{"taxonomy":"category","embeddable":true,"href":"https:\/\/wpserwis.cfolks.pl\/r2\/wp-json\/wp\/v2\/categories?post=27091"},{"taxonomy":"post_tag","embeddable":true,"href":"https:\/\/wpserwis.cfolks.pl\/r2\/wp-json\/wp\/v2\/tags?post=27091"}],"curies":[{"name":"wp","href":"https:\/\/api.w.org\/{rel}","templated":true}]}}