{"id":27129,"date":"2021-11-27T18:45:41","date_gmt":"2021-11-27T17:45:41","guid":{"rendered":"https:\/\/wtw.waw.pl\/?p=27129"},"modified":"2021-11-27T18:45:41","modified_gmt":"2021-11-27T17:45:41","slug":"nadzwyczajne-walne-zebranie-wybralo-nowy-sklad-komisji-rewizyjnej","status":"publish","type":"post","link":"https:\/\/wpserwis.cfolks.pl\/r2\/nadzwyczajne-walne-zebranie-wybralo-nowy-sklad-komisji-rewizyjnej\/","title":{"rendered":"Nadzwyczajne Walne Zebranie wybra\u0142o nowy sk\u0142ad Komisji Rewizyjnej"},"content":{"rendered":"<p>W dniu 27.11.2021r. Uchwa\u0142\u0105 Nadzwyczajnego Walnego Zebrania Cz\u0142onk\u00f3w Warszawskiego Towarzystwa Wio\u015blarskiego, odwo\u0142ani zostali wszyscy cz\u0142onkowie stali oraz zast\u0119pcy cz\u0142onk\u00f3w sta\u0142ych Komisji Rewizyjnej WTW Warszawa &#8211; w ramach obecnej kadencji Komisji Rewizyjnej.<\/p>\n<p>Nadzwyczajne Walne Zebranie Cz\u0142onk\u00f3w Warszawskiego Towarzystwa Wio\u015blarskiego w dniu 27.11.2021r. , podj\u0119\u0142o uchwa\u0142\u0119 dotycz\u0105c\u0105 wyboru uzupe\u0142niaj\u0105cego do Komisji Rewizyjnej WTW Warszawa.<\/p>\n<p>Na mocy ww. Uchwa\u0142y NWZ&nbsp; WTW Warszawa z dnia 27.11.2021r., do Komisji Rewizyjnej&nbsp; WTW Warszawa zostali wybrani:<\/p>\n<p>Druh Rafa\u0142 Sisicki (cz\u0142onek sta\u0142y KR), Druh Rafa\u0142 Szyma\u0144ski (cz\u0142onek sta\u0142y KR), Druh Micha\u0142 Olszewski (cz\u0142onek sta\u0142y KR), Druh Tadeusz Isbrandt (cz\u0142onek sta\u0142y KR), Druh Adam Dobczy\u0144ski (cz\u0142onek sta\u0142y KR), Druh Ryszard \u015amieta\u0144ski (zast\u0119pca cz\u0142onka sta\u0142ego KR), Druh Marcin Wolny (zast\u0119pca cz\u0142onka sta\u0142ego KR).<\/p>\n<p>&nbsp;<\/p>\n<p>Komisja Rewizyjna w dniu 27.11.2021r. ukonstytuowa\u0142a si\u0119 w nast\u0119puj\u0105cym sk\u0142adzie:<\/p>\n<p>Druh Rafa\u0142 Sisicki &#8211; Przewodnicz\u0105cy<\/p>\n<p>Druh Micha\u0142 Olszewski &#8211; Zast\u0119pca Przewodnicz\u0105cego<\/p>\n<p>Druh Rafa\u0142 Szyma\u0144ski &#8211; Sekretarz<\/p>\n<p>Druh Tadeusz Isbrandt &#8211; Cz\u0142onek<\/p>\n<p>Druh Adam Dobczy\u0144ski &#8211; Cz\u0142onek<\/p>\n<p>&nbsp;<\/p>\n<p>&nbsp;<\/p>\n<p>&nbsp;<\/p>\n<p>&nbsp;<\/p>\n<p>.<\/p>\n<p>&nbsp;<\/p>\n<p>&nbsp;<\/p>\n","protected":false},"excerpt":{"rendered":"<p>W dniu 27.11.2021r. Uchwa\u0142\u0105 Nadzwyczajnego Walnego Zebrania Cz\u0142onk\u00f3w Warszawskiego Towarzystwa Wio\u015blarskiego, odwo\u0142ani zostali wszyscy cz\u0142onkowie stali oraz zast\u0119pcy cz\u0142onk\u00f3w sta\u0142ych Komisji Rewizyjnej WTW Warszawa &#8211; w ramach obecnej kadencji Komisji Rewizyjnej. Nadzwyczajne Walne Zebranie Cz\u0142onk\u00f3w Warszawskiego Towarzystwa Wio\u015blarskiego w dniu 27.11.2021r. , podj\u0119\u0142o uchwa\u0142\u0119 dotycz\u0105c\u0105 wyboru uzupe\u0142niaj\u0105cego do Komisji Rewizyjnej WTW Warszawa. Na mocy ww. [&hellip;]<\/p>\n","protected":false},"author":1,"featured_media":26640,"comment_status":"closed","ping_status":"closed","sticky":false,"template":"","format":"standard","meta":{"_acf_changed":false,"footnotes":""},"categories":[1],"tags":[],"class_list":["post-27129","post","type-post","status-publish","format-standard","has-post-thumbnail","hentry","category-bez-kategorii"],"acf":[],"_links":{"self":[{"href":"https:\/\/wpserwis.cfolks.pl\/r2\/wp-json\/wp\/v2\/posts\/27129","targetHints":{"allow":["GET"]}}],"collection":[{"href":"https:\/\/wpserwis.cfolks.pl\/r2\/wp-json\/wp\/v2\/posts"}],"about":[{"href":"https:\/\/wpserwis.cfolks.pl\/r2\/wp-json\/wp\/v2\/types\/post"}],"author":[{"embeddable":true,"href":"https:\/\/wpserwis.cfolks.pl\/r2\/wp-json\/wp\/v2\/users\/1"}],"replies":[{"embeddable":true,"href":"https:\/\/wpserwis.cfolks.pl\/r2\/wp-json\/wp\/v2\/comments?post=27129"}],"version-history":[{"count":0,"href":"https:\/\/wpserwis.cfolks.pl\/r2\/wp-json\/wp\/v2\/posts\/27129\/revisions"}],"wp:featuredmedia":[{"embeddable":true,"href":"https:\/\/wpserwis.cfolks.pl\/r2\/wp-json\/"}],"wp:attachment":[{"href":"https:\/\/wpserwis.cfolks.pl\/r2\/wp-json\/wp\/v2\/media?parent=27129"}],"wp:term":[{"taxonomy":"category","embeddable":true,"href":"https:\/\/wpserwis.cfolks.pl\/r2\/wp-json\/wp\/v2\/categories?post=27129"},{"taxonomy":"post_tag","embeddable":true,"href":"https:\/\/wpserwis.cfolks.pl\/r2\/wp-json\/wp\/v2\/tags?post=27129"}],"curies":[{"name":"wp","href":"https:\/\/api.w.org\/{rel}","templated":true}]}}