{"id":27136,"date":"2021-11-30T09:51:52","date_gmt":"2021-11-30T08:51:52","guid":{"rendered":"https:\/\/wtw.waw.pl\/?p=27136"},"modified":"2021-11-30T09:51:52","modified_gmt":"2021-11-30T08:51:52","slug":"boguslaw-siennicki-wiceprezesem-unii-zwiazkow-sportowych-warszawy-i-mazowsza","status":"publish","type":"post","link":"https:\/\/wpserwis.cfolks.pl\/r2\/boguslaw-siennicki-wiceprezesem-unii-zwiazkow-sportowych-warszawy-i-mazowsza\/","title":{"rendered":"Bogus\u0142aw Siennicki Wiceprezesem Unii Zwi\u0105zk\u00f3w Sportowych Warszawy i Mazowsza"},"content":{"rendered":"<p>W minion\u0105 sobot\u0119 (28.11) obradowa\u0142o Walne Zebranie Sprawozdawczo &#8211; Wyborcze Unii Zwi\u0105zk\u00f3w Sportowych Warszawy i Mazowsza. W g\u0142osowaniu delegat\u00f3w ( bra\u0142o udzia\u0142 58 przedstawicieli z 38 okr\u0119gowych zwi\u0105zk\u00f3w sportowych Warszawy i Mazowsza), na funkcj\u0119 Prezesa Unii w kadencji 2022 &#8211; 2025 zosta\u0142 wybrany Stanis\u0142aw Dobosz (Okr\u0119gowy Zwi\u0105zek Bokserski).<\/p>\n<p>Do Zarz\u0105du Unii w kadencji 2022 &#8211; 2025, wybrany zosta\u0142 Prezes Warszawskiego Towarzystwa Wio\u015blarskiego Druh Bogus\u0142aw Siennicki, kt\u00f3ry pe\u0142ni\u0107 b\u0119dzie funkcj\u0119 Wiceprezesa Zarz\u0105du ds. Sportowych. Prezes Siennicki pe\u0142ni\u0142 t\u0119 funkcj\u0119 r\u00f3wnie\u017c w kadencji 2018-2021.<\/p>\n<p>Sk\u0142ad Zarz\u0105du 2022-2025<\/p>\n<p>Stanis\u0142aw Dobosz &#8211; Prezes<\/p>\n<p>Bogus\u0142aw Siennicki &#8211; Wiceprezes ds. Sportowych<\/p>\n<p>S\u0142awomir Pietrzyk (Mazowiecki Zwi\u0105zek Pi\u0142ki No\u017cnej)- Wiceprezes ds. Organizacyjnych<\/p>\n<p>Stefan D\u0142ugosz (WLKS Siedlce) &#8211; Sekretarz<\/p>\n<p>Jacek Zamecznik (Mazowiecki Zwi\u0105zek Lekkiej Atletyki) &#8211; cz\u0142onek Zarz\u0105du<\/p>\n<p>Justyna Pacelt (Mazowiecki Zwi\u0105zek Tenisa ziemnego) &#8211; cz\u0142onek Zarz\u0105du<\/p>\n<p>Grzegorz Ka\u0142owski (Mazowiecki Zwi\u0105zek \u0141y\u017cwiarski) &#8211; cz\u0142onek Zarz\u0105du<\/p>\n<p>&nbsp;<\/p>\n<p>&nbsp;<\/p>\n","protected":false},"excerpt":{"rendered":"<p>W minion\u0105 sobot\u0119 (28.11) obradowa\u0142o Walne Zebranie Sprawozdawczo &#8211; Wyborcze Unii Zwi\u0105zk\u00f3w Sportowych Warszawy i Mazowsza. W g\u0142osowaniu delegat\u00f3w ( bra\u0142o udzia\u0142 58 przedstawicieli z 38 okr\u0119gowych zwi\u0105zk\u00f3w sportowych Warszawy i Mazowsza), na funkcj\u0119 Prezesa Unii w kadencji 2022 &#8211; 2025 zosta\u0142 wybrany Stanis\u0142aw Dobosz (Okr\u0119gowy Zwi\u0105zek Bokserski). Do Zarz\u0105du Unii w kadencji 2022 &#8211; [&hellip;]<\/p>\n","protected":false},"author":1,"featured_media":27137,"comment_status":"closed","ping_status":"closed","sticky":false,"template":"","format":"standard","meta":{"_acf_changed":false,"footnotes":""},"categories":[1],"tags":[],"class_list":["post-27136","post","type-post","status-publish","format-standard","has-post-thumbnail","hentry","category-bez-kategorii"],"acf":[],"_links":{"self":[{"href":"https:\/\/wpserwis.cfolks.pl\/r2\/wp-json\/wp\/v2\/posts\/27136","targetHints":{"allow":["GET"]}}],"collection":[{"href":"https:\/\/wpserwis.cfolks.pl\/r2\/wp-json\/wp\/v2\/posts"}],"about":[{"href":"https:\/\/wpserwis.cfolks.pl\/r2\/wp-json\/wp\/v2\/types\/post"}],"author":[{"embeddable":true,"href":"https:\/\/wpserwis.cfolks.pl\/r2\/wp-json\/wp\/v2\/users\/1"}],"replies":[{"embeddable":true,"href":"https:\/\/wpserwis.cfolks.pl\/r2\/wp-json\/wp\/v2\/comments?post=27136"}],"version-history":[{"count":0,"href":"https:\/\/wpserwis.cfolks.pl\/r2\/wp-json\/wp\/v2\/posts\/27136\/revisions"}],"wp:featuredmedia":[{"embeddable":true,"href":"https:\/\/wpserwis.cfolks.pl\/r2\/wp-json\/"}],"wp:attachment":[{"href":"https:\/\/wpserwis.cfolks.pl\/r2\/wp-json\/wp\/v2\/media?parent=27136"}],"wp:term":[{"taxonomy":"category","embeddable":true,"href":"https:\/\/wpserwis.cfolks.pl\/r2\/wp-json\/wp\/v2\/categories?post=27136"},{"taxonomy":"post_tag","embeddable":true,"href":"https:\/\/wpserwis.cfolks.pl\/r2\/wp-json\/wp\/v2\/tags?post=27136"}],"curies":[{"name":"wp","href":"https:\/\/api.w.org\/{rel}","templated":true}]}}