{"id":27164,"date":"2021-12-10T13:38:22","date_gmt":"2021-12-10T12:38:22","guid":{"rendered":"https:\/\/wtw.waw.pl\/?p=27164"},"modified":"2021-12-10T13:38:22","modified_gmt":"2021-12-10T12:38:22","slug":"jesienny-warm-up-z-anna-lewandowska","status":"publish","type":"post","link":"https:\/\/wpserwis.cfolks.pl\/r2\/jesienny-warm-up-z-anna-lewandowska\/","title":{"rendered":"JESIENNY WARM-UP Z ANN\u0104 LEWANDOWSK\u0104!"},"content":{"rendered":"<p>Wczoraj, zwyci\u0119ska grupa m\u0142odzie\u017cy ze szko\u0142y podstawowej z Radomia mia\u0142a ogromn\u0105 przyjemno\u015b\u0107 odebra\u0107 nagrod\u0119 wygran\u0105 w ramach konkursu w programie <strong>Ministerstwa Sportu &#8222;Szkolny Klub Sportowy&#8221;<\/strong>! Zostali zaproszeni do siedziby <strong>WTW przy ul. Wio\u015blarskiej 6<\/strong> na wyj\u0105tkowy dzie\u0144 pe\u0142en sportowych emocji.<\/p>\n<p>Trening, w ramach <em><strong>&#8222;Jesiennego warm-up&#8217;u&#8221;<\/strong><\/em> poprowadzi\u0142a znakomita <strong>Anna Lewandowska<\/strong>, kt\u00f3rej na pewno nie trzeba nikomu przedstawia\u0107! G\u0142\u00f3wna gwiazda tego wyj\u0105tkowego wydarzenia, przeprowadzi\u0142a rozgrzewk\u0119 oraz zaprezentowa\u0142a przer\u00f3\u017cne \u0107wiczenia zgromadzonej m\u0142odzie\u017cy.<\/p>\n<p>Nast\u0119pnie odby\u0142y si\u0119 warsztaty motywacyjne. Poprowadzi\u0142 je <strong>Grzegorz Wi\u0119c\u0142aw<\/strong>, certyfikowany psycholog sportu Europejskiej Federacji Psychologii Sportu. Przekaza\u0142 on wszystkim mn\u00f3stwo niezwykle cennych informacji i porad, jak znajdowa\u0107 oraz utrzymywa\u0107 motywacj\u0119 w sporcie oraz \u017cyciu codziennym.<\/p>\n<p>Jeste\u015bmy bardzo dumni, \u017ce w WTW mo\u017cemy promowa\u0107 sport na tyle r\u00f3\u017cnych sposob\u00f3w!<\/p>\n<p>Bardzo cennym do\u015bwiadczeniem jest r\u00f3wnie\u017c wsp\u00f3\u0142praca z Instytutem Sportu, przy ich flagowym programie Ministerstwa Sportu pn. &#8222;Szkolny Klub Sportowy&#8221;.<\/p>\n<p>Niezmiennie bardzo cieszymy si\u0119 z ka\u017cdej nadarzaj\u0105cej si\u0119 mo\u017cliwo\u015bci popularyzacji sportu w\u015br\u00f3d m\u0142odzie\u017cy i pracujemy ju\u017c nad organizacj\u0105 kolejnych tego typu wydarze\u0144!<\/p>\n<p>&nbsp;<\/p>\n<p>Jeszcze raz dzi\u0119kujemy wszystkim zaanga\u017cowanym za wsp\u00f3\u0142prac\u0119 i mamy nadziej\u0119 na coraz wi\u0119cej takich okazji!<\/p>\n<p><a href=\"https:\/\/wpserwis.cfolks.pl\/r2\/wp-content\/uploads\/2021\/12\/IMG_0488.jpg\"><img loading=\"lazy\" decoding=\"async\" class=\"aligncenter size-large wp-image-27165\" src=\"https:\/\/wpserwis.cfolks.pl\/r2\/wp-content\/uploads\/2021\/12\/IMG_0488-1024x682.jpg\" alt=\"\" width=\"1024\" height=\"682\"><\/a><\/p>\n<p><a href=\"https:\/\/wpserwis.cfolks.pl\/r2\/wp-content\/uploads\/2021\/12\/IMG_0607.jpg\"><img loading=\"lazy\" decoding=\"async\" class=\"aligncenter size-large wp-image-27167\" src=\"https:\/\/wpserwis.cfolks.pl\/r2\/wp-content\/uploads\/2021\/12\/IMG_0607-1024x588.jpg\" alt=\"\" width=\"1024\" height=\"588\"><\/a><\/p>\n<p><a href=\"https:\/\/wpserwis.cfolks.pl\/r2\/wp-content\/uploads\/2021\/12\/IMG_0626.jpg\"><img loading=\"lazy\" decoding=\"async\" class=\"aligncenter size-large wp-image-27168\" src=\"https:\/\/wpserwis.cfolks.pl\/r2\/wp-content\/uploads\/2021\/12\/IMG_0626-1024x514.jpg\" alt=\"\" width=\"1024\" height=\"514\"><\/a><\/p>\n<p><a href=\"https:\/\/wpserwis.cfolks.pl\/r2\/wp-content\/uploads\/2021\/12\/IMG_0650.jpg\"><img loading=\"lazy\" decoding=\"async\" class=\"aligncenter size-large wp-image-27169\" src=\"https:\/\/wpserwis.cfolks.pl\/r2\/wp-content\/uploads\/2021\/12\/IMG_0650-1024x570.jpg\" alt=\"\" width=\"1024\" height=\"570\"><\/a><\/p>\n<p><a href=\"https:\/\/wpserwis.cfolks.pl\/r2\/wp-content\/uploads\/2021\/12\/IMG_0657.jpg\"><img loading=\"lazy\" decoding=\"async\" class=\"aligncenter size-large wp-image-27170\" src=\"https:\/\/wpserwis.cfolks.pl\/r2\/wp-content\/uploads\/2021\/12\/IMG_0657-1024x630.jpg\" alt=\"\" width=\"1024\" height=\"630\"><\/a><\/p>\n<p><a href=\"https:\/\/wpserwis.cfolks.pl\/r2\/wp-content\/uploads\/2021\/12\/IMG_0719.jpg\"><img loading=\"lazy\" decoding=\"async\" class=\"aligncenter size-large wp-image-27172\" src=\"https:\/\/wpserwis.cfolks.pl\/r2\/wp-content\/uploads\/2021\/12\/IMG_0719-1024x495.jpg\" alt=\"\" width=\"1024\" height=\"495\"><\/a><\/p>\n<p><a href=\"https:\/\/wpserwis.cfolks.pl\/r2\/wp-content\/uploads\/2021\/12\/IMG_0766.jpg\"><img loading=\"lazy\" decoding=\"async\" class=\"aligncenter size-large wp-image-27173\" src=\"https:\/\/wpserwis.cfolks.pl\/r2\/wp-content\/uploads\/2021\/12\/IMG_0766-1024x597.jpg\" alt=\"\" width=\"1024\" height=\"597\"><\/a><\/p>\n<p><a href=\"https:\/\/wpserwis.cfolks.pl\/r2\/wp-content\/uploads\/2021\/12\/IMG_0843.jpg\"><img loading=\"lazy\" decoding=\"async\" class=\"aligncenter size-large wp-image-27174\" src=\"https:\/\/wpserwis.cfolks.pl\/r2\/wp-content\/uploads\/2021\/12\/IMG_0843-1024x522.jpg\" alt=\"\" width=\"1024\" height=\"522\"><\/a><\/p>\n<p><a href=\"https:\/\/wpserwis.cfolks.pl\/r2\/wp-content\/uploads\/2021\/12\/IMG_0899.jpg\"><img loading=\"lazy\" decoding=\"async\" class=\"aligncenter size-large wp-image-27175\" src=\"https:\/\/wpserwis.cfolks.pl\/r2\/wp-content\/uploads\/2021\/12\/IMG_0899-1024x615.jpg\" alt=\"\" width=\"1024\" height=\"615\"><\/a><\/p>\n<p><a href=\"https:\/\/wpserwis.cfolks.pl\/r2\/wp-content\/uploads\/2021\/12\/IMG_0982.jpg\"><img loading=\"lazy\" decoding=\"async\" class=\"aligncenter size-large wp-image-27176\" src=\"https:\/\/wpserwis.cfolks.pl\/r2\/wp-content\/uploads\/2021\/12\/IMG_0982-1024x325.jpg\" alt=\"\" width=\"1024\" height=\"325\"><\/a><\/p>\n<p>&nbsp;<\/p>\n","protected":false},"excerpt":{"rendered":"<p>Wczoraj, zwyci\u0119ska grupa m\u0142odzie\u017cy ze szko\u0142y podstawowej z Radomia mia\u0142a ogromn\u0105 przyjemno\u015b\u0107 odebra\u0107 nagrod\u0119 wygran\u0105 w ramach konkursu w programie Ministerstwa Sportu &#8222;Szkolny Klub Sportowy&#8221;! Zostali zaproszeni do siedziby WTW przy ul. Wio\u015blarskiej 6 na wyj\u0105tkowy dzie\u0144 pe\u0142en sportowych emocji. Trening, w ramach &#8222;Jesiennego warm-up&#8217;u&#8221; poprowadzi\u0142a znakomita Anna Lewandowska, kt\u00f3rej na pewno nie trzeba nikomu [&hellip;]<\/p>\n","protected":false},"author":1,"featured_media":27166,"comment_status":"closed","ping_status":"closed","sticky":false,"template":"","format":"standard","meta":{"_acf_changed":false,"footnotes":""},"categories":[1],"tags":[],"class_list":["post-27164","post","type-post","status-publish","format-standard","has-post-thumbnail","hentry","category-bez-kategorii"],"acf":[],"_links":{"self":[{"href":"https:\/\/wpserwis.cfolks.pl\/r2\/wp-json\/wp\/v2\/posts\/27164","targetHints":{"allow":["GET"]}}],"collection":[{"href":"https:\/\/wpserwis.cfolks.pl\/r2\/wp-json\/wp\/v2\/posts"}],"about":[{"href":"https:\/\/wpserwis.cfolks.pl\/r2\/wp-json\/wp\/v2\/types\/post"}],"author":[{"embeddable":true,"href":"https:\/\/wpserwis.cfolks.pl\/r2\/wp-json\/wp\/v2\/users\/1"}],"replies":[{"embeddable":true,"href":"https:\/\/wpserwis.cfolks.pl\/r2\/wp-json\/wp\/v2\/comments?post=27164"}],"version-history":[{"count":0,"href":"https:\/\/wpserwis.cfolks.pl\/r2\/wp-json\/wp\/v2\/posts\/27164\/revisions"}],"wp:featuredmedia":[{"embeddable":true,"href":"https:\/\/wpserwis.cfolks.pl\/r2\/wp-json\/"}],"wp:attachment":[{"href":"https:\/\/wpserwis.cfolks.pl\/r2\/wp-json\/wp\/v2\/media?parent=27164"}],"wp:term":[{"taxonomy":"category","embeddable":true,"href":"https:\/\/wpserwis.cfolks.pl\/r2\/wp-json\/wp\/v2\/categories?post=27164"},{"taxonomy":"post_tag","embeddable":true,"href":"https:\/\/wpserwis.cfolks.pl\/r2\/wp-json\/wp\/v2\/tags?post=27164"}],"curies":[{"name":"wp","href":"https:\/\/api.w.org\/{rel}","templated":true}]}}