{"id":27262,"date":"2022-01-24T13:45:42","date_gmt":"2022-01-24T12:45:42","guid":{"rendered":"https:\/\/wtw.waw.pl\/?p=27262"},"modified":"2022-01-24T13:45:42","modified_gmt":"2022-01-24T12:45:42","slug":"konrad-domanski-powolany-na-zgrupowanie-kadrowe","status":"publish","type":"post","link":"https:\/\/wpserwis.cfolks.pl\/r2\/konrad-domanski-powolany-na-zgrupowanie-kadrowe\/","title":{"rendered":"KONRAD DOMA\u0143SKI POWO\u0141ANY NA ZGRUPOWANIE KADROWE"},"content":{"rendered":"<p>Nasz zawodnik <strong>Konrad Doma\u0144ski<\/strong>, po raz kolejny powo\u0142any zosta\u0142 na zgrupowanie szkoleniowe kadry narodowej.<\/p>\n<p>W dniach 30.01 &#8211; 12.02.2022 r. w Zakopanem odb\u0119dzie si\u0119 <strong>zgrupowanie kadry m\u0142odzie\u017cowej m\u0119\u017cczyzn<\/strong>, na kt\u00f3rym zawodnicy testowa\u0107 b\u0119d\u0105 swoj\u0105 sportow\u0105 form\u0119.<\/p>\n<p><strong>Serdecznie gratulujemy Konradowi! \ud83d\ude42<\/strong><\/p>\n<p>http:\/\/pztw.pl\/aktualnosci\/wiadomosci\/1639-Powo%C5%82ania%20na%20zgrupowanie%20kadry%20m%C5%82odzie%C5%BCowej%20m%C4%99%C5%BCczyzn%20w%20Zakopanem%20(30.01-13.02.2022)<\/p>\n<p>&nbsp;<\/p>\n<p>** foto. PZTW<\/p>\n","protected":false},"excerpt":{"rendered":"<p>Nasz zawodnik Konrad Doma\u0144ski, po raz kolejny powo\u0142any zosta\u0142 na zgrupowanie szkoleniowe kadry narodowej. W dniach 30.01 &#8211; 12.02.2022 r. w Zakopanem odb\u0119dzie si\u0119 zgrupowanie kadry m\u0142odzie\u017cowej m\u0119\u017cczyzn, na kt\u00f3rym zawodnicy testowa\u0107 b\u0119d\u0105 swoj\u0105 sportow\u0105 form\u0119. Serdecznie gratulujemy Konradowi! \ud83d\ude42 http:\/\/pztw.pl\/aktualnosci\/wiadomosci\/1639-Powo%C5%82ania%20na%20zgrupowanie%20kadry%20m%C5%82odzie%C5%BCowej%20m%C4%99%C5%BCczyzn%20w%20Zakopanem%20(30.01-13.02.2022) &nbsp; ** foto. PZTW<\/p>\n","protected":false},"author":1,"featured_media":27263,"comment_status":"closed","ping_status":"closed","sticky":false,"template":"","format":"standard","meta":{"_acf_changed":false,"footnotes":""},"categories":[1],"tags":[],"class_list":["post-27262","post","type-post","status-publish","format-standard","has-post-thumbnail","hentry","category-bez-kategorii"],"acf":[],"_links":{"self":[{"href":"https:\/\/wpserwis.cfolks.pl\/r2\/wp-json\/wp\/v2\/posts\/27262","targetHints":{"allow":["GET"]}}],"collection":[{"href":"https:\/\/wpserwis.cfolks.pl\/r2\/wp-json\/wp\/v2\/posts"}],"about":[{"href":"https:\/\/wpserwis.cfolks.pl\/r2\/wp-json\/wp\/v2\/types\/post"}],"author":[{"embeddable":true,"href":"https:\/\/wpserwis.cfolks.pl\/r2\/wp-json\/wp\/v2\/users\/1"}],"replies":[{"embeddable":true,"href":"https:\/\/wpserwis.cfolks.pl\/r2\/wp-json\/wp\/v2\/comments?post=27262"}],"version-history":[{"count":0,"href":"https:\/\/wpserwis.cfolks.pl\/r2\/wp-json\/wp\/v2\/posts\/27262\/revisions"}],"wp:featuredmedia":[{"embeddable":true,"href":"https:\/\/wpserwis.cfolks.pl\/r2\/wp-json\/"}],"wp:attachment":[{"href":"https:\/\/wpserwis.cfolks.pl\/r2\/wp-json\/wp\/v2\/media?parent=27262"}],"wp:term":[{"taxonomy":"category","embeddable":true,"href":"https:\/\/wpserwis.cfolks.pl\/r2\/wp-json\/wp\/v2\/categories?post=27262"},{"taxonomy":"post_tag","embeddable":true,"href":"https:\/\/wpserwis.cfolks.pl\/r2\/wp-json\/wp\/v2\/tags?post=27262"}],"curies":[{"name":"wp","href":"https:\/\/api.w.org\/{rel}","templated":true}]}}