{"id":27288,"date":"2022-02-18T11:59:59","date_gmt":"2022-02-18T10:59:59","guid":{"rendered":"https:\/\/wtw.waw.pl\/?p=27288"},"modified":"2022-02-18T11:59:59","modified_gmt":"2022-02-18T10:59:59","slug":"konrad-domanski-ponownie-powolany-na-zgrupowanie-kadry-narodowej","status":"publish","type":"post","link":"https:\/\/wpserwis.cfolks.pl\/r2\/konrad-domanski-ponownie-powolany-na-zgrupowanie-kadry-narodowej\/","title":{"rendered":"KONRAD DOMA\u0143SKI PONOWNIE POWO\u0141ANY NA ZGRUPOWANIE KADRY NARODOWEJ"},"content":{"rendered":"<p>Mi\u0142o nam poinformowa\u0107, \u017ce jeden z naszych najlepszych zawodnik\u00f3w, <strong>Konrad Doma\u0144ski, po raz kolejny otrzyma\u0142 powo\u0142anie na zgrupowanie szkoleniowe m\u0142odzie\u017cowej kadry narodowej<\/strong>, kt\u00f3re odb\u0119dzie si\u0119 w dniach 26.02 &#8211; 13.03 2022 roku.<\/p>\n<p>Serdecznie gratulujemy Konradowi i niezmiennie \u017cyczymy dalszych sukces\u00f3w sportowych!<\/p>\n<p><a href=\"https:\/\/wpserwis.cfolks.pl\/r2\/wp-content\/uploads\/2022\/02\/Powolanie-PZTW-26.02-13.03.pdf\">Powo\u0142anie &#8211; PZTW, 26.02-13.03<\/a>&nbsp;<\/p>\n<p>&nbsp;<\/p>\n<p>&nbsp;<\/p>\n","protected":false},"excerpt":{"rendered":"<p>Mi\u0142o nam poinformowa\u0107, \u017ce jeden z naszych najlepszych zawodnik\u00f3w, Konrad Doma\u0144ski, po raz kolejny otrzyma\u0142 powo\u0142anie na zgrupowanie szkoleniowe m\u0142odzie\u017cowej kadry narodowej, kt\u00f3re odb\u0119dzie si\u0119 w dniach 26.02 &#8211; 13.03 2022 roku. Serdecznie gratulujemy Konradowi i niezmiennie \u017cyczymy dalszych sukces\u00f3w sportowych! Powo\u0142anie &#8211; PZTW, 26.02-13.03&nbsp; &nbsp; &nbsp;<\/p>\n","protected":false},"author":1,"featured_media":26331,"comment_status":"closed","ping_status":"closed","sticky":false,"template":"","format":"standard","meta":{"_acf_changed":false,"footnotes":""},"categories":[1],"tags":[],"class_list":["post-27288","post","type-post","status-publish","format-standard","has-post-thumbnail","hentry","category-bez-kategorii"],"acf":[],"_links":{"self":[{"href":"https:\/\/wpserwis.cfolks.pl\/r2\/wp-json\/wp\/v2\/posts\/27288","targetHints":{"allow":["GET"]}}],"collection":[{"href":"https:\/\/wpserwis.cfolks.pl\/r2\/wp-json\/wp\/v2\/posts"}],"about":[{"href":"https:\/\/wpserwis.cfolks.pl\/r2\/wp-json\/wp\/v2\/types\/post"}],"author":[{"embeddable":true,"href":"https:\/\/wpserwis.cfolks.pl\/r2\/wp-json\/wp\/v2\/users\/1"}],"replies":[{"embeddable":true,"href":"https:\/\/wpserwis.cfolks.pl\/r2\/wp-json\/wp\/v2\/comments?post=27288"}],"version-history":[{"count":0,"href":"https:\/\/wpserwis.cfolks.pl\/r2\/wp-json\/wp\/v2\/posts\/27288\/revisions"}],"wp:featuredmedia":[{"embeddable":true,"href":"https:\/\/wpserwis.cfolks.pl\/r2\/wp-json\/"}],"wp:attachment":[{"href":"https:\/\/wpserwis.cfolks.pl\/r2\/wp-json\/wp\/v2\/media?parent=27288"}],"wp:term":[{"taxonomy":"category","embeddable":true,"href":"https:\/\/wpserwis.cfolks.pl\/r2\/wp-json\/wp\/v2\/categories?post=27288"},{"taxonomy":"post_tag","embeddable":true,"href":"https:\/\/wpserwis.cfolks.pl\/r2\/wp-json\/wp\/v2\/tags?post=27288"}],"curies":[{"name":"wp","href":"https:\/\/api.w.org\/{rel}","templated":true}]}}