{"id":27339,"date":"2022-03-16T13:47:34","date_gmt":"2022-03-16T12:47:34","guid":{"rendered":"https:\/\/wtw.waw.pl\/?p=27339"},"modified":"2022-03-16T13:47:34","modified_gmt":"2022-03-16T12:47:34","slug":"serdecznie-zapraszamy-wioslarzy-z-ukrainy","status":"publish","type":"post","link":"https:\/\/wpserwis.cfolks.pl\/r2\/serdecznie-zapraszamy-wioslarzy-z-ukrainy\/","title":{"rendered":"SERDECZNIE ZAPRASZAMY SPORTOWC\u00d3W Z UKRAINY!"},"content":{"rendered":"<p><span class=\"d2edcug0 hpfvmrgz qv66sw1b c1et5uql lr9zc1uh a8c37x1j fe6kdd0r mau55g9w c8b282yb keod5gw0 nxhoafnm aigsh9s9 d3f4x2em iv3no6db jq4qci2q a3bd9o3v b1v8xokw oo9gr5id\" dir=\"auto\">Tydzie\u0144 temu zawita\u0142 do nas na treningi 11-letni Roman z Ukrainy. Trafi\u0142 pod skrzyd\u0142a naszej trenerki Oliwii Kalety i grupy najm\u0142odszych WTWiak\u00f3w!<\/span><\/p>\n<p>Cieszymy si\u0119, \u017ce Roman szybko odnalaz\u0142 si\u0119 w nowej grupie. Rozmawia z dzieciakami po rosyjsku i angielsku, du\u017co si\u0119 \u015bmieje i wyg\u0142upia.<\/p>\n<p>Ogromnie si\u0119 cieszymy, \u017ce mogli\u015bmy stworzy\u0107 mu miejsce gdzie mo\u017ce kontynuowa\u0107 swoj\u0105 pasje do wio\u015blarstwa i oderwa\u0107 my\u015bli od panuj\u0105cej na Ukrainie sytuacji.<\/p>\n<p>Chcieliby\u015bmy serdecznie zaprosi\u0107 ukrai\u0144skie dzieci do nas na treningi wio\u015blarskie lub kajakowe. Sport oczyszcza my\u015bli i daje chwile wytchnienia w tej trudnej rzeczywisto\u015bci!<\/p>\n<p>Zapraszamy do kontaktu na adres wtw@wtw.waw.pl<\/p>\n<p>&nbsp;<\/p>\n<p><a href=\"https:\/\/wpserwis.cfolks.pl\/r2\/wp-content\/uploads\/2022\/03\/IMG_5490.jpg\"><img loading=\"lazy\" decoding=\"async\" class=\"aligncenter size-medium wp-image-27309\" src=\"https:\/\/wpserwis.cfolks.pl\/r2\/wp-content\/uploads\/2022\/03\/IMG_5490-241x300.jpg\" alt=\"\" width=\"241\" height=\"300\"><\/a><\/p>\n","protected":false},"excerpt":{"rendered":"<p>Tydzie\u0144 temu zawita\u0142 do nas na treningi 11-letni Roman z Ukrainy. Trafi\u0142 pod skrzyd\u0142a naszej trenerki Oliwii Kalety i grupy najm\u0142odszych WTWiak\u00f3w! Cieszymy si\u0119, \u017ce Roman szybko odnalaz\u0142 si\u0119 w nowej grupie. Rozmawia z dzieciakami po rosyjsku i angielsku, du\u017co si\u0119 \u015bmieje i wyg\u0142upia. Ogromnie si\u0119 cieszymy, \u017ce mogli\u015bmy stworzy\u0107 mu miejsce gdzie mo\u017ce kontynuowa\u0107 [&hellip;]<\/p>\n","protected":false},"author":1,"featured_media":27340,"comment_status":"closed","ping_status":"closed","sticky":false,"template":"","format":"standard","meta":{"_acf_changed":false,"footnotes":""},"categories":[1],"tags":[],"class_list":["post-27339","post","type-post","status-publish","format-standard","has-post-thumbnail","hentry","category-bez-kategorii"],"acf":[],"_links":{"self":[{"href":"https:\/\/wpserwis.cfolks.pl\/r2\/wp-json\/wp\/v2\/posts\/27339","targetHints":{"allow":["GET"]}}],"collection":[{"href":"https:\/\/wpserwis.cfolks.pl\/r2\/wp-json\/wp\/v2\/posts"}],"about":[{"href":"https:\/\/wpserwis.cfolks.pl\/r2\/wp-json\/wp\/v2\/types\/post"}],"author":[{"embeddable":true,"href":"https:\/\/wpserwis.cfolks.pl\/r2\/wp-json\/wp\/v2\/users\/1"}],"replies":[{"embeddable":true,"href":"https:\/\/wpserwis.cfolks.pl\/r2\/wp-json\/wp\/v2\/comments?post=27339"}],"version-history":[{"count":0,"href":"https:\/\/wpserwis.cfolks.pl\/r2\/wp-json\/wp\/v2\/posts\/27339\/revisions"}],"wp:featuredmedia":[{"embeddable":true,"href":"https:\/\/wpserwis.cfolks.pl\/r2\/wp-json\/"}],"wp:attachment":[{"href":"https:\/\/wpserwis.cfolks.pl\/r2\/wp-json\/wp\/v2\/media?parent=27339"}],"wp:term":[{"taxonomy":"category","embeddable":true,"href":"https:\/\/wpserwis.cfolks.pl\/r2\/wp-json\/wp\/v2\/categories?post=27339"},{"taxonomy":"post_tag","embeddable":true,"href":"https:\/\/wpserwis.cfolks.pl\/r2\/wp-json\/wp\/v2\/tags?post=27339"}],"curies":[{"name":"wp","href":"https:\/\/api.w.org\/{rel}","templated":true}]}}