{"id":27439,"date":"2022-04-07T12:54:47","date_gmt":"2022-04-07T10:54:47","guid":{"rendered":"https:\/\/wtw.waw.pl\/?p=27439"},"modified":"2022-04-07T12:54:47","modified_gmt":"2022-04-07T10:54:47","slug":"studio-tvp-warszawa-dotyczace-finalu-7-edycji-tytana","status":"publish","type":"post","link":"https:\/\/wpserwis.cfolks.pl\/r2\/studio-tvp-warszawa-dotyczace-finalu-7-edycji-tytana\/","title":{"rendered":"STUDIO TVP WARSZAWA DOTYCZ\u0104CE FINA\u0141U 7 EDYCJI TYTANA"},"content":{"rendered":"<p>Wczorajszy wspania\u0142y Wielki Fina\u0142 7 edycji Wio\u015blarskiego Tytana Warszawy, poprzedzi\u0142a poranna wizyta w programie Warszawski Dzie\u0144 (TVP3 Warszawa), Dyrektora WTW Pana Macieja \u015aliwi\u0144skiego z Joann\u0105 Dorociak by\u0142\u0105 mistrzyni\u0105 w wio\u015blarstwie, a obecnie trenerk\u0105 w naszym Towarzystwie.<\/p>\n<p>Rozmowa oczywi\u015bcie o sporcie, Tytanie i samym WTW.<\/p>\n<p>Mi\u0142ego ogl\u0105dania.<\/p>\n<p>&nbsp;<\/p>\n<p><iframe loading=\"lazy\" title=\"WARSZAWSKI DZIE\u0143 06.04.2022r. (TVP3 WARSZAWA)\" width=\"640\" height=\"360\" src=\"https:\/\/www.youtube.com\/embed\/covvvIcxwhs?feature=oembed\" frameborder=\"0\" allow=\"accelerometer; autoplay; clipboard-write; encrypted-media; gyroscope; picture-in-picture; web-share\" referrerpolicy=\"strict-origin-when-cross-origin\" allowfullscreen><\/iframe><\/p>\n<p>&nbsp;<\/p>\n<p><iframe loading=\"lazy\" title=\"#7 Tytan - relacja z Fina\u0142u- 06.04.2022r.\" width=\"640\" height=\"360\" src=\"https:\/\/www.youtube.com\/embed\/ajjWhgjE9ss?start=6&#038;feature=oembed\" frameborder=\"0\" allow=\"accelerometer; autoplay; clipboard-write; encrypted-media; gyroscope; picture-in-picture; web-share\" referrerpolicy=\"strict-origin-when-cross-origin\" allowfullscreen><\/iframe><\/p>\n","protected":false},"excerpt":{"rendered":"<p>Wczorajszy wspania\u0142y Wielki Fina\u0142 7 edycji Wio\u015blarskiego Tytana Warszawy, poprzedzi\u0142a poranna wizyta w programie Warszawski Dzie\u0144 (TVP3 Warszawa), Dyrektora WTW Pana Macieja \u015aliwi\u0144skiego z Joann\u0105 Dorociak by\u0142\u0105 mistrzyni\u0105 w wio\u015blarstwie, a obecnie trenerk\u0105 w naszym Towarzystwie. Rozmowa oczywi\u015bcie o sporcie, Tytanie i samym WTW. Mi\u0142ego ogl\u0105dania. &nbsp; &nbsp;<\/p>\n","protected":false},"author":1,"featured_media":27440,"comment_status":"closed","ping_status":"closed","sticky":false,"template":"","format":"standard","meta":{"_acf_changed":false,"footnotes":""},"categories":[1,13],"tags":[],"class_list":["post-27439","post","type-post","status-publish","format-standard","has-post-thumbnail","hentry","category-bez-kategorii","category-tytan"],"acf":[],"_links":{"self":[{"href":"https:\/\/wpserwis.cfolks.pl\/r2\/wp-json\/wp\/v2\/posts\/27439","targetHints":{"allow":["GET"]}}],"collection":[{"href":"https:\/\/wpserwis.cfolks.pl\/r2\/wp-json\/wp\/v2\/posts"}],"about":[{"href":"https:\/\/wpserwis.cfolks.pl\/r2\/wp-json\/wp\/v2\/types\/post"}],"author":[{"embeddable":true,"href":"https:\/\/wpserwis.cfolks.pl\/r2\/wp-json\/wp\/v2\/users\/1"}],"replies":[{"embeddable":true,"href":"https:\/\/wpserwis.cfolks.pl\/r2\/wp-json\/wp\/v2\/comments?post=27439"}],"version-history":[{"count":0,"href":"https:\/\/wpserwis.cfolks.pl\/r2\/wp-json\/wp\/v2\/posts\/27439\/revisions"}],"wp:featuredmedia":[{"embeddable":true,"href":"https:\/\/wpserwis.cfolks.pl\/r2\/wp-json\/"}],"wp:attachment":[{"href":"https:\/\/wpserwis.cfolks.pl\/r2\/wp-json\/wp\/v2\/media?parent=27439"}],"wp:term":[{"taxonomy":"category","embeddable":true,"href":"https:\/\/wpserwis.cfolks.pl\/r2\/wp-json\/wp\/v2\/categories?post=27439"},{"taxonomy":"post_tag","embeddable":true,"href":"https:\/\/wpserwis.cfolks.pl\/r2\/wp-json\/wp\/v2\/tags?post=27439"}],"curies":[{"name":"wp","href":"https:\/\/api.w.org\/{rel}","templated":true}]}}