{"id":27461,"date":"2022-04-12T09:58:03","date_gmt":"2022-04-12T07:58:03","guid":{"rendered":"https:\/\/wtw.waw.pl\/?p=27461"},"modified":"2022-04-12T09:58:03","modified_gmt":"2022-04-12T07:58:03","slug":"i-edycja-programu-badz-aktywny-za-nami","status":"publish","type":"post","link":"https:\/\/wpserwis.cfolks.pl\/r2\/i-edycja-programu-badz-aktywny-za-nami\/","title":{"rendered":"I EDYCJA PROGRAMU &#8222;B\u0104D\u0179 AKTYWNY&#8221; ZA NAMI!"},"content":{"rendered":"<div class=\"kvgmc6g5 cxmmr5t8 oygrvhab hcukyx3x c1et5uql ii04i59q\">\n<div dir=\"auto\">I edycja Programu &#8222;B\u0105d\u017a Aktywny&#8221; 2021 za nami!<\/div>\n<div dir=\"auto\">&nbsp;<\/div>\n<\/div>\n<div class=\"cxmmr5t8 oygrvhab hcukyx3x c1et5uql o9v6fnle ii04i59q\">\n<div dir=\"auto\">W okresie 11.09.2021 &#8211; 31.03.2022 zrealizowali\u015bmy program B\u0105d\u017a Aktywny 2021. Zaj\u0119cia by\u0142y prowadzone dla dzieci i m\u0142odzie\u017cy niewidomej i s\u0142abowidz\u0105cej z kajakarstwa i wio\u015blarstwa. Treningi realizowali\u015bmy dla 10 uczestnik\u00f3w. By\u0142y one prowadzone zar\u00f3wno w tygodniu, jak r\u00f3wnie\u017c w soboty. Dzieciaki znacznie poprawi\u0142y umiej\u0119tno\u015bci wios\u0142owania na ergometrach, koordynacje wzrokowo-ruchow\u0105 oraz podnios\u0142y poziom og\u00f3lnej sprawno\u015bci fizycznej!<\/div>\n<div dir=\"auto\">&nbsp;<\/div>\n<\/div>\n<div class=\"cxmmr5t8 oygrvhab hcukyx3x c1et5uql o9v6fnle ii04i59q\">\n<div dir=\"auto\">Szczeg\u00f3lne podzi\u0119kowania kierujemy do Micha\u0142a Hetma\u0144czyka i Damiana Siwieckiego &#8211; prowadz\u0105cych zaj\u0119cia oraz Cz\u0142onkowi Zarz\u0105du WTW Micha\u0142owi Starczewskiemu, kt\u00f3ry jest inicjatorem wsp\u00f3\u0142pracy z PKPAR.<\/div>\n<div dir=\"auto\">&nbsp;<\/div>\n<\/div>\n<div class=\"cxmmr5t8 oygrvhab hcukyx3x c1et5uql o9v6fnle ii04i59q\">\n<div dir=\"auto\">Bardzo cieszymy si\u0119, \u017ce mogli\u015bmy zrealizowa\u0107 w pe\u0142ni za\u0142o\u017cenia I edycji programu. Obecnie prowadzimy dalsze rozmowy z Polskim Komitetem Paraolimpijskim w celu kontynuacji projektu.<\/div>\n<\/div>\n<div dir=\"auto\">&nbsp;<\/div>\n<div dir=\"auto\">Mamy nadziej\u0119 m\u00f3c by\u0107 cz\u0119\u015bci\u0105 jak najwi\u0119kszej liczby takich inicjatyw w przysz\u0142o\u015bci!<\/div>\n<div dir=\"auto\">&nbsp;<\/div>\n<div dir=\"auto\"><a href=\"https:\/\/wpserwis.cfolks.pl\/r2\/wp-content\/uploads\/2022\/04\/277809535_5378529752180157_273251768648513990_n.jpg\"><img loading=\"lazy\" decoding=\"async\" class=\"aligncenter wp-image-27464 size-medium\" src=\"https:\/\/wpserwis.cfolks.pl\/r2\/wp-content\/uploads\/2022\/04\/277809535_5378529752180157_273251768648513990_n-300x239.jpg\" alt=\"\" width=\"300\" height=\"239\"><\/a><\/div>\n<div dir=\"auto\"><a href=\"https:\/\/wpserwis.cfolks.pl\/r2\/wp-content\/uploads\/2022\/04\/277807792_5378529735513492_123386634577438059_n.jpg\"><img loading=\"lazy\" decoding=\"async\" class=\"aligncenter wp-image-27462 size-medium\" src=\"https:\/\/wpserwis.cfolks.pl\/r2\/wp-content\/uploads\/2022\/04\/277807792_5378529735513492_123386634577438059_n-300x239.jpg\" alt=\"\" width=\"300\" height=\"239\"><\/a><\/div>\n<div dir=\"auto\"><a href=\"https:\/\/wpserwis.cfolks.pl\/r2\/wp-content\/uploads\/2022\/04\/277814224_5378529742180158_6054415325612067126_n.jpg\"><img loading=\"lazy\" decoding=\"async\" class=\"aligncenter wp-image-27465 size-medium\" src=\"https:\/\/wpserwis.cfolks.pl\/r2\/wp-content\/uploads\/2022\/04\/277814224_5378529742180158_6054415325612067126_n-300x239.jpg\" alt=\"\" width=\"300\" height=\"239\"><\/a><\/div>\n<div dir=\"auto\"><a href=\"https:\/\/wpserwis.cfolks.pl\/r2\/wp-content\/uploads\/2022\/04\/277815876_5378529755513490_629935115755603028_n.jpg\"><img loading=\"lazy\" decoding=\"async\" class=\"aligncenter wp-image-27466 size-medium\" src=\"https:\/\/wpserwis.cfolks.pl\/r2\/wp-content\/uploads\/2022\/04\/277815876_5378529755513490_629935115755603028_n-300x239.jpg\" alt=\"\" width=\"300\" height=\"239\"><\/a><\/div>\n<div dir=\"auto\"><a href=\"https:\/\/wpserwis.cfolks.pl\/r2\/wp-content\/uploads\/2022\/04\/278029682_5378529748846824_745008755519668558_n.jpg\"><img loading=\"lazy\" decoding=\"async\" class=\"aligncenter wp-image-27467 size-medium\" src=\"https:\/\/wpserwis.cfolks.pl\/r2\/wp-content\/uploads\/2022\/04\/278029682_5378529748846824_745008755519668558_n-300x239.jpg\" alt=\"\" width=\"300\" height=\"239\"><\/a><\/div>\n<div dir=\"auto\">&nbsp;<\/div>\n<div dir=\"auto\"><a href=\"https:\/\/wpserwis.cfolks.pl\/r2\/wp-content\/uploads\/2022\/04\/278030414_5378529758846823_3895782193162210446_n.jpg\"><img loading=\"lazy\" decoding=\"async\" class=\"aligncenter wp-image-27468 size-medium\" src=\"https:\/\/wpserwis.cfolks.pl\/r2\/wp-content\/uploads\/2022\/04\/278030414_5378529758846823_3895782193162210446_n-300x238.jpg\" alt=\"\" width=\"300\" height=\"238\"><\/a><\/div>\n<div dir=\"auto\">&nbsp;<\/div>\n","protected":false},"excerpt":{"rendered":"<p>I edycja Programu &#8222;B\u0105d\u017a Aktywny&#8221; 2021 za nami! &nbsp; W okresie 11.09.2021 &#8211; 31.03.2022 zrealizowali\u015bmy program B\u0105d\u017a Aktywny 2021. Zaj\u0119cia by\u0142y prowadzone dla dzieci i m\u0142odzie\u017cy niewidomej i s\u0142abowidz\u0105cej z kajakarstwa i wio\u015blarstwa. Treningi realizowali\u015bmy dla 10 uczestnik\u00f3w. By\u0142y one prowadzone zar\u00f3wno w tygodniu, jak r\u00f3wnie\u017c w soboty. Dzieciaki znacznie poprawi\u0142y umiej\u0119tno\u015bci wios\u0142owania na ergometrach, [&hellip;]<\/p>\n","protected":false},"author":1,"featured_media":27463,"comment_status":"closed","ping_status":"closed","sticky":false,"template":"","format":"standard","meta":{"_acf_changed":false,"footnotes":""},"categories":[1],"tags":[],"class_list":["post-27461","post","type-post","status-publish","format-standard","has-post-thumbnail","hentry","category-bez-kategorii"],"acf":[],"_links":{"self":[{"href":"https:\/\/wpserwis.cfolks.pl\/r2\/wp-json\/wp\/v2\/posts\/27461","targetHints":{"allow":["GET"]}}],"collection":[{"href":"https:\/\/wpserwis.cfolks.pl\/r2\/wp-json\/wp\/v2\/posts"}],"about":[{"href":"https:\/\/wpserwis.cfolks.pl\/r2\/wp-json\/wp\/v2\/types\/post"}],"author":[{"embeddable":true,"href":"https:\/\/wpserwis.cfolks.pl\/r2\/wp-json\/wp\/v2\/users\/1"}],"replies":[{"embeddable":true,"href":"https:\/\/wpserwis.cfolks.pl\/r2\/wp-json\/wp\/v2\/comments?post=27461"}],"version-history":[{"count":0,"href":"https:\/\/wpserwis.cfolks.pl\/r2\/wp-json\/wp\/v2\/posts\/27461\/revisions"}],"wp:featuredmedia":[{"embeddable":true,"href":"https:\/\/wpserwis.cfolks.pl\/r2\/wp-json\/"}],"wp:attachment":[{"href":"https:\/\/wpserwis.cfolks.pl\/r2\/wp-json\/wp\/v2\/media?parent=27461"}],"wp:term":[{"taxonomy":"category","embeddable":true,"href":"https:\/\/wpserwis.cfolks.pl\/r2\/wp-json\/wp\/v2\/categories?post=27461"},{"taxonomy":"post_tag","embeddable":true,"href":"https:\/\/wpserwis.cfolks.pl\/r2\/wp-json\/wp\/v2\/tags?post=27461"}],"curies":[{"name":"wp","href":"https:\/\/api.w.org\/{rel}","templated":true}]}}