{"id":27661,"date":"2022-05-11T09:57:06","date_gmt":"2022-05-11T07:57:06","guid":{"rendered":"https:\/\/wtw.waw.pl\/?p=27661"},"modified":"2022-05-11T09:57:06","modified_gmt":"2022-05-11T07:57:06","slug":"wioslarski-dzien-w-wtw-wizyta-ministra-sportu","status":"publish","type":"post","link":"https:\/\/wpserwis.cfolks.pl\/r2\/wioslarski-dzien-w-wtw-wizyta-ministra-sportu\/","title":{"rendered":"WIO\u015aLARSKI DZIE\u0143 W WTW, WIZYTA MINISTRA SPORTU"},"content":{"rendered":"<p>Zapowiada si\u0119 mocno wio\u015blarski dzie\u0144 na Wio\u015blarskiej 6. Ju\u017c o godzinie 12:00 startuj\u0105 zawody na ergometrach wio\u015blarskich dla dzieci ze SP z oddzia\u0142ami integracyjnnymi nr 189 z Warszawy oraz SP im. Janusza Korczaka z J\u00f3zefos\u0142awia.<\/p>\n<p>Pojawi\u0105 si\u0119 g\u0142o\u015bne wio\u015blarskie nazwiska: Natalia Madaj i Magdalena Fularczyk z\u0142ote medalistki IO w Rio de Janeiro (2016) i Agnieszka Kobus-Zawojska srebrna medalistka z IO w Tokio (2020). Zawody przeprowadz\u0105 nasze nie mniej utytu\u0142owane wio\u015blarki obecnie trenerki w WTW: Agnieszka Renc, Joanna Dorociak, Maria Wierzbowska i Agnieszka Ca\u0142ka.<\/p>\n<p>Dzisiejsze wydarzenie zako\u0144czy konferencja prasowa z udzia\u0142em Ministra Sportu i Turystyki Pana Kamila Bortniczuka. Konferencja po\u015bwi\u0119cona b\u0119dzie inauguracji kolejnej edycji programu Szkolny Klub Sportowy.<\/p>\n<p>Zawody wio\u015blarskie odb\u0119d\u0105 si\u0119 r\u00f3wnie\u017c w najbli\u017cszy pi\u0105tek tj. 13.05, r\u00f3wnie\u017c u nas na Wio\u015blarskiej 6 z udzia\u0142em kolejnych, dw\u00f3ch warszawskich Szk\u00f3\u0142 Podstawowych.<\/p>\n<p>grafika: Instyt Sportu<\/p>\n<p>&nbsp;<\/p>\n<p>&nbsp;<\/p>\n<p>.<\/p>\n","protected":false},"excerpt":{"rendered":"<p>Zapowiada si\u0119 mocno wio\u015blarski dzie\u0144 na Wio\u015blarskiej 6. Ju\u017c o godzinie 12:00 startuj\u0105 zawody na ergometrach wio\u015blarskich dla dzieci ze SP z oddzia\u0142ami integracyjnnymi nr 189 z Warszawy oraz SP im. Janusza Korczaka z J\u00f3zefos\u0142awia. Pojawi\u0105 si\u0119 g\u0142o\u015bne wio\u015blarskie nazwiska: Natalia Madaj i Magdalena Fularczyk z\u0142ote medalistki IO w Rio de Janeiro (2016) i Agnieszka [&hellip;]<\/p>\n","protected":false},"author":1,"featured_media":27662,"comment_status":"closed","ping_status":"closed","sticky":false,"template":"","format":"standard","meta":{"_acf_changed":false,"footnotes":""},"categories":[1],"tags":[],"class_list":["post-27661","post","type-post","status-publish","format-standard","has-post-thumbnail","hentry","category-bez-kategorii"],"acf":[],"_links":{"self":[{"href":"https:\/\/wpserwis.cfolks.pl\/r2\/wp-json\/wp\/v2\/posts\/27661","targetHints":{"allow":["GET"]}}],"collection":[{"href":"https:\/\/wpserwis.cfolks.pl\/r2\/wp-json\/wp\/v2\/posts"}],"about":[{"href":"https:\/\/wpserwis.cfolks.pl\/r2\/wp-json\/wp\/v2\/types\/post"}],"author":[{"embeddable":true,"href":"https:\/\/wpserwis.cfolks.pl\/r2\/wp-json\/wp\/v2\/users\/1"}],"replies":[{"embeddable":true,"href":"https:\/\/wpserwis.cfolks.pl\/r2\/wp-json\/wp\/v2\/comments?post=27661"}],"version-history":[{"count":0,"href":"https:\/\/wpserwis.cfolks.pl\/r2\/wp-json\/wp\/v2\/posts\/27661\/revisions"}],"wp:featuredmedia":[{"embeddable":true,"href":"https:\/\/wpserwis.cfolks.pl\/r2\/wp-json\/"}],"wp:attachment":[{"href":"https:\/\/wpserwis.cfolks.pl\/r2\/wp-json\/wp\/v2\/media?parent=27661"}],"wp:term":[{"taxonomy":"category","embeddable":true,"href":"https:\/\/wpserwis.cfolks.pl\/r2\/wp-json\/wp\/v2\/categories?post=27661"},{"taxonomy":"post_tag","embeddable":true,"href":"https:\/\/wpserwis.cfolks.pl\/r2\/wp-json\/wp\/v2\/tags?post=27661"}],"curies":[{"name":"wp","href":"https:\/\/api.w.org\/{rel}","templated":true}]}}