{"id":27708,"date":"2022-05-13T10:27:30","date_gmt":"2022-05-13T08:27:30","guid":{"rendered":"https:\/\/wtw.waw.pl\/?p=27708"},"modified":"2022-05-13T10:27:30","modified_gmt":"2022-05-13T08:27:30","slug":"mularczyk-trzeci-w-memoriale-glazewskiego","status":"publish","type":"post","link":"https:\/\/wpserwis.cfolks.pl\/r2\/mularczyk-trzeci-w-memoriale-glazewskiego\/","title":{"rendered":"MULARCZYK TRZECI W MEMORIALE G\u0141A\u017bEWSKIEGO"},"content":{"rendered":"<div class=\"kvgmc6g5 cxmmr5t8 oygrvhab hcukyx3x c1et5uql ii04i59q\">\n<div dir=\"auto\">Nasi kajakarze rozpocz\u0119li sezon startowy Memoria\u0142em im. Piotra G\u0142a\u017cewskiego. W \u015bciganiu na Warcie w Gorzowie bra\u0142o udzia\u0142 10 klub\u00f3w.<\/div>\n<\/div>\n<div class=\"cxmmr5t8 oygrvhab hcukyx3x c1et5uql o9v6fnle ii04i59q\">\n<div dir=\"auto\">Zawodnik trenera Damiana Siwieckiego -&gt; Franciszek Mularczyk, zaja\u0142 \u015bwietne 3 miejsce w karegorii junior\u00f3w m\u0142odszych na 1km.<\/div>\n<\/div>\n<div class=\"cxmmr5t8 oygrvhab hcukyx3x c1et5uql o9v6fnle ii04i59q\">\n<div dir=\"auto\">Gratulujemy udanego startu i \u017cyczymy powodzenia w dalszej cz\u0119\u015bci sezonu.<\/div>\n<\/div>\n<div dir=\"auto\">&nbsp;<\/div>\n<div dir=\"auto\">&nbsp;<\/div>\n<div dir=\"auto\"><a href=\"https:\/\/wpserwis.cfolks.pl\/r2\/wp-content\/uploads\/2022\/05\/280736918_5472600352773096_472321094855764930_n.jpg\"><img loading=\"lazy\" decoding=\"async\" class=\"alignnone size-medium wp-image-27710\" src=\"https:\/\/wpserwis.cfolks.pl\/r2\/wp-content\/uploads\/2022\/05\/280736918_5472600352773096_472321094855764930_n-241x300.jpg\" alt=\"\" width=\"241\" height=\"300\"><\/a><\/div>\n","protected":false},"excerpt":{"rendered":"<p>Nasi kajakarze rozpocz\u0119li sezon startowy Memoria\u0142em im. Piotra G\u0142a\u017cewskiego. W \u015bciganiu na Warcie w Gorzowie bra\u0142o udzia\u0142 10 klub\u00f3w. Zawodnik trenera Damiana Siwieckiego -&gt; Franciszek Mularczyk, zaja\u0142 \u015bwietne 3 miejsce w karegorii junior\u00f3w m\u0142odszych na 1km. Gratulujemy udanego startu i \u017cyczymy powodzenia w dalszej cz\u0119\u015bci sezonu. &nbsp; &nbsp;<\/p>\n","protected":false},"author":1,"featured_media":27709,"comment_status":"closed","ping_status":"closed","sticky":false,"template":"","format":"standard","meta":{"_acf_changed":false,"footnotes":""},"categories":[1],"tags":[],"class_list":["post-27708","post","type-post","status-publish","format-standard","has-post-thumbnail","hentry","category-bez-kategorii"],"acf":[],"_links":{"self":[{"href":"https:\/\/wpserwis.cfolks.pl\/r2\/wp-json\/wp\/v2\/posts\/27708","targetHints":{"allow":["GET"]}}],"collection":[{"href":"https:\/\/wpserwis.cfolks.pl\/r2\/wp-json\/wp\/v2\/posts"}],"about":[{"href":"https:\/\/wpserwis.cfolks.pl\/r2\/wp-json\/wp\/v2\/types\/post"}],"author":[{"embeddable":true,"href":"https:\/\/wpserwis.cfolks.pl\/r2\/wp-json\/wp\/v2\/users\/1"}],"replies":[{"embeddable":true,"href":"https:\/\/wpserwis.cfolks.pl\/r2\/wp-json\/wp\/v2\/comments?post=27708"}],"version-history":[{"count":0,"href":"https:\/\/wpserwis.cfolks.pl\/r2\/wp-json\/wp\/v2\/posts\/27708\/revisions"}],"wp:featuredmedia":[{"embeddable":true,"href":"https:\/\/wpserwis.cfolks.pl\/r2\/wp-json\/"}],"wp:attachment":[{"href":"https:\/\/wpserwis.cfolks.pl\/r2\/wp-json\/wp\/v2\/media?parent=27708"}],"wp:term":[{"taxonomy":"category","embeddable":true,"href":"https:\/\/wpserwis.cfolks.pl\/r2\/wp-json\/wp\/v2\/categories?post=27708"},{"taxonomy":"post_tag","embeddable":true,"href":"https:\/\/wpserwis.cfolks.pl\/r2\/wp-json\/wp\/v2\/tags?post=27708"}],"curies":[{"name":"wp","href":"https:\/\/api.w.org\/{rel}","templated":true}]}}