{"id":27733,"date":"2022-05-16T10:13:10","date_gmt":"2022-05-16T08:13:10","guid":{"rendered":"https:\/\/wtw.waw.pl\/?p=27733"},"modified":"2022-05-16T10:13:10","modified_gmt":"2022-05-16T08:13:10","slug":"facon-i-kot-w-reprezentacji-polski-na-me-juniorow-w-varese","status":"publish","type":"post","link":"https:\/\/wpserwis.cfolks.pl\/r2\/facon-i-kot-w-reprezentacji-polski-na-me-juniorow-w-varese\/","title":{"rendered":"FACON I KOT W REPREZENTACJI POLSKI NA ME JUNIOR\u00d3W W VARESE"},"content":{"rendered":"<p>Mi\u0142o nam zakomunikowa\u0107, \u017ce nasi wio\u015blarscy wychowankowie Julia Facon i Miko\u0142aj Kot powo\u0142ani zostali do Reprezentacji Polski na Mistrzostwa Europy Junior\u00f3w w Varese (W\u0142ochy) .<\/p>\n<p>Dw\u00f3ch naszych podopiecznych zobaczymy na Mistrzostwach Europy Junior\u00f3w (21-22.05) , we w\u0142oskim Varese.<\/p>\n<p>Julka pop\u0142ynie JW2x z Emilia Szczech, a Miko\u0142aj w osadzie JM4-, wraz z Senderackim Konradem, Wachnickim Arkadiuszem oraz Koz\u0142owskim Mateuszem.<\/p>\n<p>Zawodnicy przebywaj\u0105 ju\u017c na zgrupowaniu szkoleniowym w COS OPO Wa\u0142cz. Ob\u00f3z potrwa do 17.05.<\/p>\n<p>Gratulujemy, \u017cyczymy owocnej pracy i ju\u017c \u015bciskamy kciuki.<\/p>\n<p>&nbsp;<\/p>\n<p>fot. PZTW \/ WTW<\/p>\n<p>&nbsp;<\/p>\n<p>&nbsp;<\/p>\n<p>.<\/p>\n","protected":false},"excerpt":{"rendered":"<p>Mi\u0142o nam zakomunikowa\u0107, \u017ce nasi wio\u015blarscy wychowankowie Julia Facon i Miko\u0142aj Kot powo\u0142ani zostali do Reprezentacji Polski na Mistrzostwa Europy Junior\u00f3w w Varese (W\u0142ochy) . Dw\u00f3ch naszych podopiecznych zobaczymy na Mistrzostwach Europy Junior\u00f3w (21-22.05) , we w\u0142oskim Varese. Julka pop\u0142ynie JW2x z Emilia Szczech, a Miko\u0142aj w osadzie JM4-, wraz z Senderackim Konradem, Wachnickim Arkadiuszem [&hellip;]<\/p>\n","protected":false},"author":1,"featured_media":27734,"comment_status":"closed","ping_status":"closed","sticky":false,"template":"","format":"standard","meta":{"_acf_changed":false,"footnotes":""},"categories":[1],"tags":[],"class_list":["post-27733","post","type-post","status-publish","format-standard","has-post-thumbnail","hentry","category-bez-kategorii"],"acf":[],"_links":{"self":[{"href":"https:\/\/wpserwis.cfolks.pl\/r2\/wp-json\/wp\/v2\/posts\/27733","targetHints":{"allow":["GET"]}}],"collection":[{"href":"https:\/\/wpserwis.cfolks.pl\/r2\/wp-json\/wp\/v2\/posts"}],"about":[{"href":"https:\/\/wpserwis.cfolks.pl\/r2\/wp-json\/wp\/v2\/types\/post"}],"author":[{"embeddable":true,"href":"https:\/\/wpserwis.cfolks.pl\/r2\/wp-json\/wp\/v2\/users\/1"}],"replies":[{"embeddable":true,"href":"https:\/\/wpserwis.cfolks.pl\/r2\/wp-json\/wp\/v2\/comments?post=27733"}],"version-history":[{"count":0,"href":"https:\/\/wpserwis.cfolks.pl\/r2\/wp-json\/wp\/v2\/posts\/27733\/revisions"}],"wp:featuredmedia":[{"embeddable":true,"href":"https:\/\/wpserwis.cfolks.pl\/r2\/wp-json\/"}],"wp:attachment":[{"href":"https:\/\/wpserwis.cfolks.pl\/r2\/wp-json\/wp\/v2\/media?parent=27733"}],"wp:term":[{"taxonomy":"category","embeddable":true,"href":"https:\/\/wpserwis.cfolks.pl\/r2\/wp-json\/wp\/v2\/categories?post=27733"},{"taxonomy":"post_tag","embeddable":true,"href":"https:\/\/wpserwis.cfolks.pl\/r2\/wp-json\/wp\/v2\/tags?post=27733"}],"curies":[{"name":"wp","href":"https:\/\/api.w.org\/{rel}","templated":true}]}}