{"id":27739,"date":"2022-05-19T12:32:28","date_gmt":"2022-05-19T10:32:28","guid":{"rendered":"https:\/\/wtw.waw.pl\/?p=27739"},"modified":"2022-05-19T12:32:28","modified_gmt":"2022-05-19T10:32:28","slug":"piotr-plominski-w-kadrze-na-puchar-swiata-seniorow","status":"publish","type":"post","link":"https:\/\/wpserwis.cfolks.pl\/r2\/piotr-plominski-w-kadrze-na-puchar-swiata-seniorow\/","title":{"rendered":"PIOTR P\u0141OMI\u0143SKI W KADRZE NA PUCHAR \u015aWIATA SENIOR\u00d3W"},"content":{"rendered":"<p>Nasz wychowanek Piotr P\u0142omi\u0144ski znalaz\u0142 si\u0119 w sk\u0142adzie Reprezentacji Polski na zbli\u017caj\u0105ce si\u0119 regatu Pucharu \u015awiata Senior\u00f3w.<\/p>\n<p>Zawody odb\u0119d\u0105 si\u0119 w Belgradzie (Serbia) 27 &#8211; 29.05.2022r.<\/p>\n<p>Puchar \u015awiata b\u0119dzie transmitowany w TVP Sport oraz na stronie i w aplikacji mobilnej TVP Sport.<\/p>\n<p><a href=\"https:\/\/pztw.pl\/aktualnosci\/wiadomosci\/1722-Powo%C5%82ania%20na%20I%20Puchar%20%C5%9Awiata%20Senior%C3%B3w%20w%20Belgradzie\">Zobacz sk\u0142ad Reprezentacji Polski na P\u015a w Belgradzie<\/a><\/p>\n<p>&nbsp;<\/p>\n<p>&nbsp;<\/p>\n<p>&nbsp;<\/p>\n<p>.<\/p>\n","protected":false},"excerpt":{"rendered":"<p>Nasz wychowanek Piotr P\u0142omi\u0144ski znalaz\u0142 si\u0119 w sk\u0142adzie Reprezentacji Polski na zbli\u017caj\u0105ce si\u0119 regatu Pucharu \u015awiata Senior\u00f3w. Zawody odb\u0119d\u0105 si\u0119 w Belgradzie (Serbia) 27 &#8211; 29.05.2022r. Puchar \u015awiata b\u0119dzie transmitowany w TVP Sport oraz na stronie i w aplikacji mobilnej TVP Sport. Zobacz sk\u0142ad Reprezentacji Polski na P\u015a w Belgradzie &nbsp; &nbsp; &nbsp; .<\/p>\n","protected":false},"author":1,"featured_media":27740,"comment_status":"closed","ping_status":"closed","sticky":false,"template":"","format":"standard","meta":{"_acf_changed":false,"footnotes":""},"categories":[1],"tags":[],"class_list":["post-27739","post","type-post","status-publish","format-standard","has-post-thumbnail","hentry","category-bez-kategorii"],"acf":[],"_links":{"self":[{"href":"https:\/\/wpserwis.cfolks.pl\/r2\/wp-json\/wp\/v2\/posts\/27739","targetHints":{"allow":["GET"]}}],"collection":[{"href":"https:\/\/wpserwis.cfolks.pl\/r2\/wp-json\/wp\/v2\/posts"}],"about":[{"href":"https:\/\/wpserwis.cfolks.pl\/r2\/wp-json\/wp\/v2\/types\/post"}],"author":[{"embeddable":true,"href":"https:\/\/wpserwis.cfolks.pl\/r2\/wp-json\/wp\/v2\/users\/1"}],"replies":[{"embeddable":true,"href":"https:\/\/wpserwis.cfolks.pl\/r2\/wp-json\/wp\/v2\/comments?post=27739"}],"version-history":[{"count":0,"href":"https:\/\/wpserwis.cfolks.pl\/r2\/wp-json\/wp\/v2\/posts\/27739\/revisions"}],"wp:featuredmedia":[{"embeddable":true,"href":"https:\/\/wpserwis.cfolks.pl\/r2\/wp-json\/"}],"wp:attachment":[{"href":"https:\/\/wpserwis.cfolks.pl\/r2\/wp-json\/wp\/v2\/media?parent=27739"}],"wp:term":[{"taxonomy":"category","embeddable":true,"href":"https:\/\/wpserwis.cfolks.pl\/r2\/wp-json\/wp\/v2\/categories?post=27739"},{"taxonomy":"post_tag","embeddable":true,"href":"https:\/\/wpserwis.cfolks.pl\/r2\/wp-json\/wp\/v2\/tags?post=27739"}],"curies":[{"name":"wp","href":"https:\/\/api.w.org\/{rel}","templated":true}]}}