{"id":27753,"date":"2022-05-23T09:28:47","date_gmt":"2022-05-23T07:28:47","guid":{"rendered":"https:\/\/wtw.waw.pl\/?p=27753"},"modified":"2022-05-23T09:28:47","modified_gmt":"2022-05-23T07:28:47","slug":"me-juniorow-szoste-miejsce-kota-osme-miejsce-facon","status":"publish","type":"post","link":"https:\/\/wpserwis.cfolks.pl\/r2\/me-juniorow-szoste-miejsce-kota-osme-miejsce-facon\/","title":{"rendered":"ME JUNIOR\u00d3W &#8211; SZ\u00d3STE MIEJSCE KOTA, \u00d3SME MIEJSCE FACON"},"content":{"rendered":"<p>W miniony weekend, we w\u0142oskim Varese odby\u0142y si\u0119 wio\u015blarskie Mistrzostwa Europy Junior\u00f3w. W szerokiej kadrze Polski, znalaz\u0142a si\u0119 dw\u00f3jka wychowank\u00f3w naszego Towarzystwa.<\/p>\n<p>Julia Facon p\u0142yn\u0105ca na dw\u00f3jce podw\u00f3jnej z Milen\u0105 Szczech (UKS 93 Krak\u00f3w), niestety nie awansowa\u0142y do fina\u0142u A, a w niedzielnym finale B zaj\u0119\u0142y drugie miejsce i ostatecznie ko\u0144cz\u0105c Mistrzostwa Europy na \u00f3smym miejscu.<\/p>\n<p>Drugi z naszych wychowank\u00f3w Miko\u0142aj Kot p\u0142yn\u0105cy na czw\u00f3rce bez sternika (w sk\u0142adzie: Konrad Senderecki, Arkadiusz Wachnicki, Mateusz Koz\u0142owski, Miko\u0142aj Kot) w niedzielnym finale A zaj\u0119li sz\u00f3ste miejsce.<\/p>\n<p>Naszym zawodnikom oraz ich klubowym trener\u00f3w gratulujemy i trzymamy kciuki za kolejne starty w barwach WTW i reprezentacji Polski.<\/p>\n<p>&nbsp;<\/p>\n<p><a href=\"https:\/\/wpserwis.cfolks.pl\/r2\/wp-content\/uploads\/2022\/05\/IMG_6178.jpg\"><img loading=\"lazy\" decoding=\"async\" class=\"alignnone size-medium wp-image-27755\" src=\"https:\/\/wpserwis.cfolks.pl\/r2\/wp-content\/uploads\/2022\/05\/IMG_6178-300x295.jpg\" alt=\"\" width=\"300\" height=\"295\"><\/a> <a href=\"https:\/\/wpserwis.cfolks.pl\/r2\/wp-content\/uploads\/2022\/05\/IMG_6179.jpg\"><img loading=\"lazy\" decoding=\"async\" class=\"alignnone size-medium wp-image-27756\" src=\"https:\/\/wpserwis.cfolks.pl\/r2\/wp-content\/uploads\/2022\/05\/IMG_6179-244x300.jpg\" alt=\"\" width=\"244\" height=\"300\"><\/a><\/p>\n<p>.<\/p>\n","protected":false},"excerpt":{"rendered":"<p>W miniony weekend, we w\u0142oskim Varese odby\u0142y si\u0119 wio\u015blarskie Mistrzostwa Europy Junior\u00f3w. W szerokiej kadrze Polski, znalaz\u0142a si\u0119 dw\u00f3jka wychowank\u00f3w naszego Towarzystwa. Julia Facon p\u0142yn\u0105ca na dw\u00f3jce podw\u00f3jnej z Milen\u0105 Szczech (UKS 93 Krak\u00f3w), niestety nie awansowa\u0142y do fina\u0142u A, a w niedzielnym finale B zaj\u0119\u0142y drugie miejsce i ostatecznie ko\u0144cz\u0105c Mistrzostwa Europy na \u00f3smym [&hellip;]<\/p>\n","protected":false},"author":1,"featured_media":27754,"comment_status":"closed","ping_status":"closed","sticky":false,"template":"","format":"standard","meta":{"_acf_changed":false,"footnotes":""},"categories":[1],"tags":[],"class_list":["post-27753","post","type-post","status-publish","format-standard","has-post-thumbnail","hentry","category-bez-kategorii"],"acf":[],"_links":{"self":[{"href":"https:\/\/wpserwis.cfolks.pl\/r2\/wp-json\/wp\/v2\/posts\/27753","targetHints":{"allow":["GET"]}}],"collection":[{"href":"https:\/\/wpserwis.cfolks.pl\/r2\/wp-json\/wp\/v2\/posts"}],"about":[{"href":"https:\/\/wpserwis.cfolks.pl\/r2\/wp-json\/wp\/v2\/types\/post"}],"author":[{"embeddable":true,"href":"https:\/\/wpserwis.cfolks.pl\/r2\/wp-json\/wp\/v2\/users\/1"}],"replies":[{"embeddable":true,"href":"https:\/\/wpserwis.cfolks.pl\/r2\/wp-json\/wp\/v2\/comments?post=27753"}],"version-history":[{"count":0,"href":"https:\/\/wpserwis.cfolks.pl\/r2\/wp-json\/wp\/v2\/posts\/27753\/revisions"}],"wp:featuredmedia":[{"embeddable":true,"href":"https:\/\/wpserwis.cfolks.pl\/r2\/wp-json\/"}],"wp:attachment":[{"href":"https:\/\/wpserwis.cfolks.pl\/r2\/wp-json\/wp\/v2\/media?parent=27753"}],"wp:term":[{"taxonomy":"category","embeddable":true,"href":"https:\/\/wpserwis.cfolks.pl\/r2\/wp-json\/wp\/v2\/categories?post=27753"},{"taxonomy":"post_tag","embeddable":true,"href":"https:\/\/wpserwis.cfolks.pl\/r2\/wp-json\/wp\/v2\/tags?post=27753"}],"curies":[{"name":"wp","href":"https:\/\/api.w.org\/{rel}","templated":true}]}}