{"id":27843,"date":"2022-05-30T11:32:17","date_gmt":"2022-05-30T09:32:17","guid":{"rendered":"https:\/\/wtw.waw.pl\/?p=27843"},"modified":"2022-05-30T11:32:17","modified_gmt":"2022-05-30T09:32:17","slug":"i-puchar-swiata-belgrad","status":"publish","type":"post","link":"https:\/\/wpserwis.cfolks.pl\/r2\/i-puchar-swiata-belgrad\/","title":{"rendered":"I PUCHAR \u015aWIATA &#8211; P\u0141OMI\u0143SKI PI\u0104TY W BELGRADZIE"},"content":{"rendered":"<div class=\"cxmmr5t8 oygrvhab hcukyx3x c1et5uql o9v6fnle ii04i59q\">\n<div dir=\"auto\">W miniony weekend odby\u0142 si\u0119 wio\u015blarski I Puchar \u015awiata w Belgradzie, gdzie nasz wychowanek Piotr P\u0142omi\u0144ski, zaj\u0105\u0142 5 miejsce w konkurencji M4x wraz z kolegami: Dominikiem Czaj\u0105, Szymonem Po\u015bnikiem oraz Cezarym Litk\u0105.<\/div>\n<div dir=\"auto\">Podium nale\u017ca\u0142o do Chi\u0144czyk\u00f3w, Holendr\u00f3w i Litwin\u00f3w.<\/div>\n<\/div>\n<div class=\"cxmmr5t8 oygrvhab hcukyx3x c1et5uql o9v6fnle ii04i59q\">\n<div dir=\"auto\">&nbsp;<\/div>\n<div dir=\"auto\">Gratulujemy udanego rozpocz\u0119cia mi\u0119dzynarodowego sezonu startowego.<\/div>\n<\/div>\n<div class=\"cxmmr5t8 oygrvhab hcukyx3x c1et5uql o9v6fnle ii04i59q\">\n<div dir=\"auto\">&nbsp;<\/div>\n<div dir=\"auto\">Nast\u0119pny przystanek to II Puchar \u015awiata w Poznaniu.<\/div>\n<\/div>\n<div dir=\"auto\">&nbsp;<\/div>\n<div dir=\"auto\">&nbsp;<\/div>\n<div dir=\"auto\">&nbsp;<\/div>\n<div dir=\"auto\">&nbsp;<\/div>\n<div dir=\"auto\">&nbsp;<\/div>\n<div dir=\"auto\">.<\/div>\n","protected":false},"excerpt":{"rendered":"<p>W miniony weekend odby\u0142 si\u0119 wio\u015blarski I Puchar \u015awiata w Belgradzie, gdzie nasz wychowanek Piotr P\u0142omi\u0144ski, zaj\u0105\u0142 5 miejsce w konkurencji M4x wraz z kolegami: Dominikiem Czaj\u0105, Szymonem Po\u015bnikiem oraz Cezarym Litk\u0105. Podium nale\u017ca\u0142o do Chi\u0144czyk\u00f3w, Holendr\u00f3w i Litwin\u00f3w. &nbsp; Gratulujemy udanego rozpocz\u0119cia mi\u0119dzynarodowego sezonu startowego. &nbsp; Nast\u0119pny przystanek to II Puchar \u015awiata w Poznaniu. [&hellip;]<\/p>\n","protected":false},"author":1,"featured_media":27844,"comment_status":"closed","ping_status":"closed","sticky":false,"template":"","format":"standard","meta":{"_acf_changed":false,"footnotes":""},"categories":[1],"tags":[],"class_list":["post-27843","post","type-post","status-publish","format-standard","has-post-thumbnail","hentry","category-bez-kategorii"],"acf":[],"_links":{"self":[{"href":"https:\/\/wpserwis.cfolks.pl\/r2\/wp-json\/wp\/v2\/posts\/27843","targetHints":{"allow":["GET"]}}],"collection":[{"href":"https:\/\/wpserwis.cfolks.pl\/r2\/wp-json\/wp\/v2\/posts"}],"about":[{"href":"https:\/\/wpserwis.cfolks.pl\/r2\/wp-json\/wp\/v2\/types\/post"}],"author":[{"embeddable":true,"href":"https:\/\/wpserwis.cfolks.pl\/r2\/wp-json\/wp\/v2\/users\/1"}],"replies":[{"embeddable":true,"href":"https:\/\/wpserwis.cfolks.pl\/r2\/wp-json\/wp\/v2\/comments?post=27843"}],"version-history":[{"count":0,"href":"https:\/\/wpserwis.cfolks.pl\/r2\/wp-json\/wp\/v2\/posts\/27843\/revisions"}],"wp:featuredmedia":[{"embeddable":true,"href":"https:\/\/wpserwis.cfolks.pl\/r2\/wp-json\/"}],"wp:attachment":[{"href":"https:\/\/wpserwis.cfolks.pl\/r2\/wp-json\/wp\/v2\/media?parent=27843"}],"wp:term":[{"taxonomy":"category","embeddable":true,"href":"https:\/\/wpserwis.cfolks.pl\/r2\/wp-json\/wp\/v2\/categories?post=27843"},{"taxonomy":"post_tag","embeddable":true,"href":"https:\/\/wpserwis.cfolks.pl\/r2\/wp-json\/wp\/v2\/tags?post=27843"}],"curies":[{"name":"wp","href":"https:\/\/api.w.org\/{rel}","templated":true}]}}