{"id":27852,"date":"2022-05-30T12:46:44","date_gmt":"2022-05-30T10:46:44","guid":{"rendered":"https:\/\/wtw.waw.pl\/?p=27852"},"modified":"2022-05-30T12:46:44","modified_gmt":"2022-05-30T10:46:44","slug":"27852-2","status":"publish","type":"post","link":"https:\/\/wpserwis.cfolks.pl\/r2\/27852-2\/","title":{"rendered":"CENTRALNE REGATY JUNIOR\u00d3W &#8211; NIEMCZYK Z KWALIFIKACJ\u0104 NA OLYMPIC HOPES"},"content":{"rendered":"<div class=\"cxmmr5t8 oygrvhab hcukyx3x c1et5uql o9v6fnle ii04i59q\">\n<div dir=\"auto\">W miniony weekend zako\u0144czy\u0142y si\u0119 wio\u015blarskie Centralne Kontrolne Regaty Junior\u00f3w, b\u0119d\u0105ce kwalifikacjami do kadry narodowej.<\/div>\n<\/div>\n<div class=\"cxmmr5t8 oygrvhab hcukyx3x c1et5uql o9v6fnle ii04i59q\">\n<div dir=\"auto\">Nasi zawodnicy spisali si\u0119 bardzo dobrze. Julia Facon by\u0142a druga na 1xKJ tu\u017c za swoj\u0105 partnerk\u0105 z debla z Mistrzostw Europy Emili\u0105 Szcz\u0119ch.<\/div>\n<div dir=\"auto\">Drugie miejsce zaj\u0119\u0142y r\u00f3wnie\u017c Magdalena Romaniuk i Urszula Kurek na 2-KJ.<\/div>\n<\/div>\n<div class=\"cxmmr5t8 oygrvhab hcukyx3x c1et5uql o9v6fnle ii04i59q\">\n<div dir=\"auto\">Miko\u0142aj Kot i Antoni Szkup wygrali 2- MJ na nowej \u0142\u00f3dce &#8222;Los Angeles 2028&#8221;, kt\u00f3ra zosta\u0142a ochrzczona kilka dni temu na uroczysto\u015bci Otwarcia Sezonu naszego Towarzystwa.<\/div>\n<\/div>\n<div class=\"cxmmr5t8 oygrvhab hcukyx3x c1et5uql o9v6fnle ii04i59q\">\n<div dir=\"auto\">&nbsp;<\/div>\n<div dir=\"auto\">Na uwag\u0119 zas\u0142uguje r\u00f3wnie\u017c wyst\u0119p Bart\u0142omieja Niemczyka, kt\u00f3ry zakwalifikowa\u0142 si\u0119 na 4xMJM na mi\u0119dzynarodowe regaty Olympic Hopes, kt\u00f3re odb\u0119d\u0105 si\u0119 ju\u017c w przysz\u0142y weekend na torze regatowym w Kruszwicy .<\/div>\n<div dir=\"auto\">&nbsp;<\/div>\n<\/div>\n<div class=\"cxmmr5t8 oygrvhab hcukyx3x c1et5uql o9v6fnle ii04i59q\">\n<div dir=\"auto\">Gratulujemy udanych start\u00f3w i \u017cyczymy dalszej owocnej pracy.<\/div>\n<\/div>\n<div dir=\"auto\">&nbsp;<\/div>\n<div dir=\"auto\">&nbsp;<\/div>\n<div dir=\"auto\">&nbsp;<\/div>\n<div dir=\"auto\">&nbsp;<\/div>\n<div dir=\"auto\">&nbsp;<\/div>\n<div dir=\"auto\">.<\/div>\n","protected":false},"excerpt":{"rendered":"<p>W miniony weekend zako\u0144czy\u0142y si\u0119 wio\u015blarskie Centralne Kontrolne Regaty Junior\u00f3w, b\u0119d\u0105ce kwalifikacjami do kadry narodowej. Nasi zawodnicy spisali si\u0119 bardzo dobrze. Julia Facon by\u0142a druga na 1xKJ tu\u017c za swoj\u0105 partnerk\u0105 z debla z Mistrzostw Europy Emili\u0105 Szcz\u0119ch. Drugie miejsce zaj\u0119\u0142y r\u00f3wnie\u017c Magdalena Romaniuk i Urszula Kurek na 2-KJ. Miko\u0142aj Kot i Antoni Szkup wygrali [&hellip;]<\/p>\n","protected":false},"author":1,"featured_media":27853,"comment_status":"closed","ping_status":"closed","sticky":false,"template":"","format":"standard","meta":{"_acf_changed":false,"footnotes":""},"categories":[1],"tags":[],"class_list":["post-27852","post","type-post","status-publish","format-standard","has-post-thumbnail","hentry","category-bez-kategorii"],"acf":[],"_links":{"self":[{"href":"https:\/\/wpserwis.cfolks.pl\/r2\/wp-json\/wp\/v2\/posts\/27852","targetHints":{"allow":["GET"]}}],"collection":[{"href":"https:\/\/wpserwis.cfolks.pl\/r2\/wp-json\/wp\/v2\/posts"}],"about":[{"href":"https:\/\/wpserwis.cfolks.pl\/r2\/wp-json\/wp\/v2\/types\/post"}],"author":[{"embeddable":true,"href":"https:\/\/wpserwis.cfolks.pl\/r2\/wp-json\/wp\/v2\/users\/1"}],"replies":[{"embeddable":true,"href":"https:\/\/wpserwis.cfolks.pl\/r2\/wp-json\/wp\/v2\/comments?post=27852"}],"version-history":[{"count":0,"href":"https:\/\/wpserwis.cfolks.pl\/r2\/wp-json\/wp\/v2\/posts\/27852\/revisions"}],"wp:featuredmedia":[{"embeddable":true,"href":"https:\/\/wpserwis.cfolks.pl\/r2\/wp-json\/"}],"wp:attachment":[{"href":"https:\/\/wpserwis.cfolks.pl\/r2\/wp-json\/wp\/v2\/media?parent=27852"}],"wp:term":[{"taxonomy":"category","embeddable":true,"href":"https:\/\/wpserwis.cfolks.pl\/r2\/wp-json\/wp\/v2\/categories?post=27852"},{"taxonomy":"post_tag","embeddable":true,"href":"https:\/\/wpserwis.cfolks.pl\/r2\/wp-json\/wp\/v2\/tags?post=27852"}],"curies":[{"name":"wp","href":"https:\/\/api.w.org\/{rel}","templated":true}]}}