{"id":27865,"date":"2022-06-02T12:37:34","date_gmt":"2022-06-02T10:37:34","guid":{"rendered":"https:\/\/wtw.waw.pl\/?p=27865"},"modified":"2022-06-02T12:37:34","modified_gmt":"2022-06-02T10:37:34","slug":"warszawskie-towarzystwo-wioslarskie-bierze-udzial-w-pikniku-z-okazji-dnia-dziecka","status":"publish","type":"post","link":"https:\/\/wpserwis.cfolks.pl\/r2\/warszawskie-towarzystwo-wioslarskie-bierze-udzial-w-pikniku-z-okazji-dnia-dziecka\/","title":{"rendered":"WARSZAWSKIE TOWARZYSTWO WIO\u015aLARSKIE BIERZE UDZIA\u0141 W PIKNIKU Z OKAZJI DNIA DZIECKA"},"content":{"rendered":"<p>W najbli\u017csz\u0105 niedziel\u0119, 5 czerwca, WTW bierze udzia\u0142 w pikniku organizowanym przez dzielnic\u0119 Bemowo, z okazji Dnia Dziecka.<\/p>\n<p>Impreza odb\u0119dzie si\u0119 w Parku G\u00f3rczewska, start o godzinie 11 .<\/p>\n<p>Serdecznie zapraszamy wszystkich zainteresowanych, do odwiedzenia naszej strefy WTW Warszawa.<\/p>\n<p>Na stoisku spotka\u0107 b\u0119dzie mo\u017cna naszych kadrowicz\u00f3w z Kadry Narodowej Junior\u00f3w : Juli\u0119 Facon, Miko\u0142aja Kota, Antoniego Szkupa&nbsp; oraz naszego niezast\u0105pionego szkutnika &#8211; Micha\u0142a Filipczaka.<\/p>\n<p>Do zobaczenia!<\/p>\n","protected":false},"excerpt":{"rendered":"<p>W najbli\u017csz\u0105 niedziel\u0119, 5 czerwca, WTW bierze udzia\u0142 w pikniku organizowanym przez dzielnic\u0119 Bemowo, z okazji Dnia Dziecka. Impreza odb\u0119dzie si\u0119 w Parku G\u00f3rczewska, start o godzinie 11 . Serdecznie zapraszamy wszystkich zainteresowanych, do odwiedzenia naszej strefy WTW Warszawa. Na stoisku spotka\u0107 b\u0119dzie mo\u017cna naszych kadrowicz\u00f3w z Kadry Narodowej Junior\u00f3w : Juli\u0119 Facon, Miko\u0142aja Kota, [&hellip;]<\/p>\n","protected":false},"author":1,"featured_media":27866,"comment_status":"closed","ping_status":"closed","sticky":false,"template":"","format":"standard","meta":{"_acf_changed":false,"footnotes":""},"categories":[1],"tags":[],"class_list":["post-27865","post","type-post","status-publish","format-standard","has-post-thumbnail","hentry","category-bez-kategorii"],"acf":[],"_links":{"self":[{"href":"https:\/\/wpserwis.cfolks.pl\/r2\/wp-json\/wp\/v2\/posts\/27865","targetHints":{"allow":["GET"]}}],"collection":[{"href":"https:\/\/wpserwis.cfolks.pl\/r2\/wp-json\/wp\/v2\/posts"}],"about":[{"href":"https:\/\/wpserwis.cfolks.pl\/r2\/wp-json\/wp\/v2\/types\/post"}],"author":[{"embeddable":true,"href":"https:\/\/wpserwis.cfolks.pl\/r2\/wp-json\/wp\/v2\/users\/1"}],"replies":[{"embeddable":true,"href":"https:\/\/wpserwis.cfolks.pl\/r2\/wp-json\/wp\/v2\/comments?post=27865"}],"version-history":[{"count":0,"href":"https:\/\/wpserwis.cfolks.pl\/r2\/wp-json\/wp\/v2\/posts\/27865\/revisions"}],"wp:featuredmedia":[{"embeddable":true,"href":"https:\/\/wpserwis.cfolks.pl\/r2\/wp-json\/"}],"wp:attachment":[{"href":"https:\/\/wpserwis.cfolks.pl\/r2\/wp-json\/wp\/v2\/media?parent=27865"}],"wp:term":[{"taxonomy":"category","embeddable":true,"href":"https:\/\/wpserwis.cfolks.pl\/r2\/wp-json\/wp\/v2\/categories?post=27865"},{"taxonomy":"post_tag","embeddable":true,"href":"https:\/\/wpserwis.cfolks.pl\/r2\/wp-json\/wp\/v2\/tags?post=27865"}],"curies":[{"name":"wp","href":"https:\/\/api.w.org\/{rel}","templated":true}]}}