{"id":27894,"date":"2022-06-06T07:56:23","date_gmt":"2022-06-06T05:56:23","guid":{"rendered":"https:\/\/wtw.waw.pl\/?p=27894"},"modified":"2022-06-06T07:56:23","modified_gmt":"2022-06-06T05:56:23","slug":"piknik-bemowo-maly-tytan-w-parku-gorczewska","status":"publish","type":"post","link":"https:\/\/wpserwis.cfolks.pl\/r2\/piknik-bemowo-maly-tytan-w-parku-gorczewska\/","title":{"rendered":"PIKNIK BEMOWO &#8211; &#8222;MA\u0141Y TYTAN&#8221; W PARKU G\u00d3RCZEWSKA"},"content":{"rendered":"<p>To by\u0142 naprawd\u0119 aktywny weekend dla nas. W Poznaniu wio\u015blarze walczyli o medale Mistrzostw Polski Senior\u00f3w, na \u017beraniu kajakarze \u015bcigali si\u0119 w Mistrzostwach Warszawy, na Zegrzu tradycyjnie nasi m\u0142odzi optymi\u015bciarze szlifowali form\u0119.<\/p>\n<p>WTW aktywne by\u0142o jescze w jednym miejscu i wyraz aktywne jest tu jak najbardziej na miejscu. Na zaproszenie Wydzia\u0142u Sportu Dzielnicy Bemowo m.st. Warszawy, wystawili\u015bmy sportow\u0105 stref\u0119 na Pikniku sportowo-rekreacyjnym z okazji Dnia Dziecka pn. &#8222;Bemowo moja bajka&#8221;. Nasz namiot z ergometrami, by\u0142 jednym z najbardziej obleganych namiot\u00f3w tego dnia przez mieszka\u0144c\u00f3w Bemowa i Warszawy. Tak wi\u0119c wyszed\u0142 nam niechc\u0105cy &#8222;ma\u0142y Tytan&#8221; w Parku G\u00f3rczewska. Przeprowadzili\u015bmy blisko 100 wy\u015bcig\u00f3w (!), rozdali\u015bmy wszystkie medale, smycze i ulotki jakie mieli\u015bmy przygotowane na ten dzie\u0144.<\/p>\n<p>W tym miejscu chcemy bardzo podzi\u0119kowa\u0107 naszym wspania\u0142ym m\u0142odym zawodnikom, kt\u00f3rzy w fantastyczny spos\u00f3b poprowadzili stref\u0119 WTW, dumnie promuj\u0105c nasz Klub i zach\u0119caj\u0105c dzieci i m\u0142odzie\u017c do trening\u00f3w wio\u015blarstwa.<\/p>\n<p>Julia Facon, Antoni Szkup i Miko\u0142aj Kot &#8211; to nasi wychowankowie, ale ju\u017c reprezentanci kadry narodowej junior\u00f3w. Kochani, bardzo Wam dzi\u0119kujemy !<\/p>\n<p>S\u0142owa podzi\u0119kowania nale\u017c\u0105 si\u0119 tak\u017ce naszym pracownikom Micha\u0142owi Filipczakowi i Grzegorzowi Okni\u0144skiemu, na kt\u00f3rych zawsze WTW mo\u017ce liczy\u0107 i kt\u00f3rzy tego dnia bardzo profesjonalnie podeszli do niby tylko piknikowej zabawy.<\/p>\n<p>Dzi\u0119kujemy!<\/p>\n<p>Widzimy si\u0119 ju\u017c w t\u0119 sobot\u0119 na Dniach Sportu &#8222;Wannado&#8221; na Pla\u017cy Wilan\u00f3w.<\/p>\n<p>&nbsp;<\/p>\n<p><a href=\"https:\/\/wpserwis.cfolks.pl\/r2\/wp-content\/uploads\/2022\/06\/IMG_6339-scaled.jpg\"><img loading=\"lazy\" decoding=\"async\" class=\"alignnone size-medium wp-image-27896\" src=\"https:\/\/wpserwis.cfolks.pl\/r2\/wp-content\/uploads\/2022\/06\/IMG_6339-300x169.jpg\" alt=\"\" width=\"300\" height=\"169\"><\/a> <a href=\"https:\/\/wpserwis.cfolks.pl\/r2\/wp-content\/uploads\/2022\/06\/IMG_6338-scaled.jpg\"><img loading=\"lazy\" decoding=\"async\" class=\"alignnone size-medium wp-image-27897\" src=\"https:\/\/wpserwis.cfolks.pl\/r2\/wp-content\/uploads\/2022\/06\/IMG_6338-300x169.jpg\" alt=\"\" width=\"300\" height=\"169\"><\/a><a href=\"https:\/\/wpserwis.cfolks.pl\/r2\/wp-content\/uploads\/2022\/06\/plakat-Bemowo-scaled.jpg\"><img loading=\"lazy\" decoding=\"async\" class=\"alignnone size-medium wp-image-27866\" src=\"https:\/\/wpserwis.cfolks.pl\/r2\/wp-content\/uploads\/2022\/06\/plakat-Bemowo-214x300.jpg\" alt=\"\" width=\"214\" height=\"300\"><\/a><\/p>\n<p><a href=\"https:\/\/wpserwis.cfolks.pl\/r2\/wp-content\/uploads\/2022\/06\/IMG_6341.jpg\"><img loading=\"lazy\" decoding=\"async\" class=\"alignnone size-medium wp-image-27901\" src=\"https:\/\/wpserwis.cfolks.pl\/r2\/wp-content\/uploads\/2022\/06\/IMG_6341-300x169.jpg\" alt=\"\" width=\"300\" height=\"169\"><\/a> <a href=\"https:\/\/wpserwis.cfolks.pl\/r2\/wp-content\/uploads\/2022\/06\/IMG_6342.jpg\"><img loading=\"lazy\" decoding=\"async\" class=\"alignnone size-medium wp-image-27902\" src=\"https:\/\/wpserwis.cfolks.pl\/r2\/wp-content\/uploads\/2022\/06\/IMG_6342-300x169.jpg\" alt=\"\" width=\"300\" height=\"169\"><\/a><\/p>\n<p>&nbsp;<\/p>\n<p>&nbsp;<\/p>\n<p>&nbsp;<\/p>\n<p>.<\/p>\n","protected":false},"excerpt":{"rendered":"<p>To by\u0142 naprawd\u0119 aktywny weekend dla nas. W Poznaniu wio\u015blarze walczyli o medale Mistrzostw Polski Senior\u00f3w, na \u017beraniu kajakarze \u015bcigali si\u0119 w Mistrzostwach Warszawy, na Zegrzu tradycyjnie nasi m\u0142odzi optymi\u015bciarze szlifowali form\u0119. WTW aktywne by\u0142o jescze w jednym miejscu i wyraz aktywne jest tu jak najbardziej na miejscu. Na zaproszenie Wydzia\u0142u Sportu Dzielnicy Bemowo m.st. [&hellip;]<\/p>\n","protected":false},"author":1,"featured_media":27895,"comment_status":"closed","ping_status":"closed","sticky":false,"template":"","format":"standard","meta":{"_acf_changed":false,"footnotes":""},"categories":[1],"tags":[],"class_list":["post-27894","post","type-post","status-publish","format-standard","has-post-thumbnail","hentry","category-bez-kategorii"],"acf":[],"_links":{"self":[{"href":"https:\/\/wpserwis.cfolks.pl\/r2\/wp-json\/wp\/v2\/posts\/27894","targetHints":{"allow":["GET"]}}],"collection":[{"href":"https:\/\/wpserwis.cfolks.pl\/r2\/wp-json\/wp\/v2\/posts"}],"about":[{"href":"https:\/\/wpserwis.cfolks.pl\/r2\/wp-json\/wp\/v2\/types\/post"}],"author":[{"embeddable":true,"href":"https:\/\/wpserwis.cfolks.pl\/r2\/wp-json\/wp\/v2\/users\/1"}],"replies":[{"embeddable":true,"href":"https:\/\/wpserwis.cfolks.pl\/r2\/wp-json\/wp\/v2\/comments?post=27894"}],"version-history":[{"count":0,"href":"https:\/\/wpserwis.cfolks.pl\/r2\/wp-json\/wp\/v2\/posts\/27894\/revisions"}],"wp:featuredmedia":[{"embeddable":true,"href":"https:\/\/wpserwis.cfolks.pl\/r2\/wp-json\/"}],"wp:attachment":[{"href":"https:\/\/wpserwis.cfolks.pl\/r2\/wp-json\/wp\/v2\/media?parent=27894"}],"wp:term":[{"taxonomy":"category","embeddable":true,"href":"https:\/\/wpserwis.cfolks.pl\/r2\/wp-json\/wp\/v2\/categories?post=27894"},{"taxonomy":"post_tag","embeddable":true,"href":"https:\/\/wpserwis.cfolks.pl\/r2\/wp-json\/wp\/v2\/tags?post=27894"}],"curies":[{"name":"wp","href":"https:\/\/api.w.org\/{rel}","templated":true}]}}