{"id":27907,"date":"2022-06-07T08:46:19","date_gmt":"2022-06-07T06:46:19","guid":{"rendered":"https:\/\/wtw.waw.pl\/?p=27907"},"modified":"2022-06-07T08:46:19","modified_gmt":"2022-06-07T06:46:19","slug":"piotr-plominski-w-kadrze-narodowej-na-ii-puchar-swiata-poznan","status":"publish","type":"post","link":"https:\/\/wpserwis.cfolks.pl\/r2\/piotr-plominski-w-kadrze-narodowej-na-ii-puchar-swiata-poznan\/","title":{"rendered":"PIOTR P\u0141OMI\u0143SKI W KADRZE NARODOWEJ NA II PUCHAR \u015aWIATA (POZNA\u0143)"},"content":{"rendered":"<p>Mi\u0142o nam poinformowa\u0107, \u017ce nasz wychowanek Piotr P\u0142omi\u0144ski otrzyma\u0142 kolejne powo\u0142anie do Reprezentacji Polski na zbli\u017caj\u0105cy si\u0119 wio\u015blarski II Puchar \u015awiata, kt\u00f3ry w dniach 17 &#8211; 19.06 odb\u0119dzie si\u0119 na torze regatowym &#8222;Malta&#8221; w Poznaniu.<\/p>\n<p>Piotr podobnie jak na I P\u015a w Belgradzie p\u0142yn\u0105\u0107 b\u0119dzie w czw\u00f3rce podw\u00f3jnej m\u0119\u017cczyzn.<\/p>\n<p><a href=\"https:\/\/www.pztw.pl\/aktualnosci\/wiadomosci\/1751-Powo%C5%82ania%20na%20zgrupowanie%20senior%C3%B3w%20przed%20II%20P%C5%9A%20w%20Poznaniu\">Zobacz pe\u0142n\u0105 list\u0119 powo\u0142a\u0144.<\/a><\/p>\n<p>&nbsp;<\/p>\n<p>&nbsp;<\/p>\n<p>&nbsp;<\/p>\n<p>&nbsp;<\/p>\n<p>.<\/p>\n","protected":false},"excerpt":{"rendered":"<p>Mi\u0142o nam poinformowa\u0107, \u017ce nasz wychowanek Piotr P\u0142omi\u0144ski otrzyma\u0142 kolejne powo\u0142anie do Reprezentacji Polski na zbli\u017caj\u0105cy si\u0119 wio\u015blarski II Puchar \u015awiata, kt\u00f3ry w dniach 17 &#8211; 19.06 odb\u0119dzie si\u0119 na torze regatowym &#8222;Malta&#8221; w Poznaniu. Piotr podobnie jak na I P\u015a w Belgradzie p\u0142yn\u0105\u0107 b\u0119dzie w czw\u00f3rce podw\u00f3jnej m\u0119\u017cczyzn. Zobacz pe\u0142n\u0105 list\u0119 powo\u0142a\u0144. &nbsp; &nbsp; [&hellip;]<\/p>\n","protected":false},"author":1,"featured_media":27844,"comment_status":"closed","ping_status":"closed","sticky":false,"template":"","format":"standard","meta":{"_acf_changed":false,"footnotes":""},"categories":[1],"tags":[],"class_list":["post-27907","post","type-post","status-publish","format-standard","has-post-thumbnail","hentry","category-bez-kategorii"],"acf":[],"_links":{"self":[{"href":"https:\/\/wpserwis.cfolks.pl\/r2\/wp-json\/wp\/v2\/posts\/27907","targetHints":{"allow":["GET"]}}],"collection":[{"href":"https:\/\/wpserwis.cfolks.pl\/r2\/wp-json\/wp\/v2\/posts"}],"about":[{"href":"https:\/\/wpserwis.cfolks.pl\/r2\/wp-json\/wp\/v2\/types\/post"}],"author":[{"embeddable":true,"href":"https:\/\/wpserwis.cfolks.pl\/r2\/wp-json\/wp\/v2\/users\/1"}],"replies":[{"embeddable":true,"href":"https:\/\/wpserwis.cfolks.pl\/r2\/wp-json\/wp\/v2\/comments?post=27907"}],"version-history":[{"count":0,"href":"https:\/\/wpserwis.cfolks.pl\/r2\/wp-json\/wp\/v2\/posts\/27907\/revisions"}],"wp:featuredmedia":[{"embeddable":true,"href":"https:\/\/wpserwis.cfolks.pl\/r2\/wp-json\/"}],"wp:attachment":[{"href":"https:\/\/wpserwis.cfolks.pl\/r2\/wp-json\/wp\/v2\/media?parent=27907"}],"wp:term":[{"taxonomy":"category","embeddable":true,"href":"https:\/\/wpserwis.cfolks.pl\/r2\/wp-json\/wp\/v2\/categories?post=27907"},{"taxonomy":"post_tag","embeddable":true,"href":"https:\/\/wpserwis.cfolks.pl\/r2\/wp-json\/wp\/v2\/tags?post=27907"}],"curies":[{"name":"wp","href":"https:\/\/api.w.org\/{rel}","templated":true}]}}