{"id":27952,"date":"2022-06-13T09:58:49","date_gmt":"2022-06-13T07:58:49","guid":{"rendered":"https:\/\/wtw.waw.pl\/?p=27952"},"modified":"2022-06-13T09:58:49","modified_gmt":"2022-06-13T07:58:49","slug":"wygrana-osemki-wtw-w-regatach-warsaw-head","status":"publish","type":"post","link":"https:\/\/wpserwis.cfolks.pl\/r2\/wygrana-osemki-wtw-w-regatach-warsaw-head\/","title":{"rendered":"WYGRANA \u00d3SEMKI WTW, W REGATACH WARSAW HEAD"},"content":{"rendered":"<p>R\u00f3wnie\u017c w sobot\u0119, na Wi\u015ble odby\u0142a si\u0119 pi\u0105ta edycja regat wio\u015blarskich Warsaw Head. W licznie obsadzonych zawodach, kt\u00f3rych organizatorem jest Towarzystwo Wis\u0142a dla Wio\u015blarzy, startowa\u0142y z powodzeniem osady naszego Towarzystwa.<\/p>\n<p>W kategorii OPEN, pierwsze miejsce zaj\u0119\u0142a \u00f3semka ze sternikiem Warszawskiego Towarzystwa Wio\u015blarskiego. Wszystkim startuj\u0105cym i zwyci\u0119zcom regat gratulujemy.<\/p>\n<p>Wi\u0119cej informacji na profilu <a href=\"https:\/\/www.facebook.com\/WarsawHead\">facebook WARSAW HEAD<\/a><\/p>\n<p>&nbsp;<\/p>\n<p><a href=\"https:\/\/wpserwis.cfolks.pl\/r2\/wp-content\/uploads\/2022\/06\/287859204_5566921243341006_4948309091500795729_n.jpg\"><img loading=\"lazy\" decoding=\"async\" class=\"alignnone size-medium wp-image-27954\" src=\"https:\/\/wpserwis.cfolks.pl\/r2\/wp-content\/uploads\/2022\/06\/287859204_5566921243341006_4948309091500795729_n-300x169.jpg\" alt=\"\" width=\"300\" height=\"169\"><\/a> <a href=\"https:\/\/wpserwis.cfolks.pl\/r2\/wp-content\/uploads\/2022\/06\/288030487_5566921230007674_2261472072402723413_n.jpg\"><img loading=\"lazy\" decoding=\"async\" class=\"alignnone size-medium wp-image-27955\" src=\"https:\/\/wpserwis.cfolks.pl\/r2\/wp-content\/uploads\/2022\/06\/288030487_5566921230007674_2261472072402723413_n-300x170.jpg\" alt=\"\" width=\"300\" height=\"170\"><\/a> <a href=\"https:\/\/wpserwis.cfolks.pl\/r2\/wp-content\/uploads\/2022\/06\/287997214_5566921250007672_7505701285943243172_n.jpg\"><img loading=\"lazy\" decoding=\"async\" class=\"alignnone size-medium wp-image-27956\" src=\"https:\/\/wpserwis.cfolks.pl\/r2\/wp-content\/uploads\/2022\/06\/287997214_5566921250007672_7505701285943243172_n-300x170.jpg\" alt=\"\" width=\"300\" height=\"170\"><\/a> <a href=\"https:\/\/wpserwis.cfolks.pl\/r2\/wp-content\/uploads\/2022\/06\/288055963_5566921240007673_6015995752248047254_n.jpg\"><img loading=\"lazy\" decoding=\"async\" class=\"alignnone size-medium wp-image-27957\" src=\"https:\/\/wpserwis.cfolks.pl\/r2\/wp-content\/uploads\/2022\/06\/288055963_5566921240007673_6015995752248047254_n-300x170.jpg\" alt=\"\" width=\"300\" height=\"170\"><\/a> <a href=\"https:\/\/wpserwis.cfolks.pl\/r2\/wp-content\/uploads\/2022\/06\/288134519_5566921246674339_883222460731166982_n.jpg\"><img loading=\"lazy\" decoding=\"async\" class=\"alignnone size-medium wp-image-27958\" src=\"https:\/\/wpserwis.cfolks.pl\/r2\/wp-content\/uploads\/2022\/06\/288134519_5566921246674339_883222460731166982_n-300x170.jpg\" alt=\"\" width=\"300\" height=\"170\"><\/a> <a href=\"https:\/\/wpserwis.cfolks.pl\/r2\/wp-content\/uploads\/2022\/06\/288153836_5566921226674341_7299740467772078749_n.jpg\"><img loading=\"lazy\" decoding=\"async\" class=\"alignnone size-medium wp-image-27959\" src=\"https:\/\/wpserwis.cfolks.pl\/r2\/wp-content\/uploads\/2022\/06\/288153836_5566921226674341_7299740467772078749_n-300x170.jpg\" alt=\"\" width=\"300\" height=\"170\"><\/a> <a href=\"https:\/\/wpserwis.cfolks.pl\/r2\/wp-content\/uploads\/2022\/06\/287709054_5564309623602168_288673989336838595_n.jpg\"><img loading=\"lazy\" decoding=\"async\" class=\"alignnone size-medium wp-image-27960\" src=\"https:\/\/wpserwis.cfolks.pl\/r2\/wp-content\/uploads\/2022\/06\/287709054_5564309623602168_288673989336838595_n-270x300.jpg\" alt=\"\" width=\"270\" height=\"300\"><\/a><\/p>\n<p>&nbsp;<\/p>\n","protected":false},"excerpt":{"rendered":"<p>R\u00f3wnie\u017c w sobot\u0119, na Wi\u015ble odby\u0142a si\u0119 pi\u0105ta edycja regat wio\u015blarskich Warsaw Head. W licznie obsadzonych zawodach, kt\u00f3rych organizatorem jest Towarzystwo Wis\u0142a dla Wio\u015blarzy, startowa\u0142y z powodzeniem osady naszego Towarzystwa. W kategorii OPEN, pierwsze miejsce zaj\u0119\u0142a \u00f3semka ze sternikiem Warszawskiego Towarzystwa Wio\u015blarskiego. Wszystkim startuj\u0105cym i zwyci\u0119zcom regat gratulujemy. Wi\u0119cej informacji na profilu facebook WARSAW HEAD [&hellip;]<\/p>\n","protected":false},"author":1,"featured_media":27953,"comment_status":"closed","ping_status":"closed","sticky":false,"template":"","format":"standard","meta":{"_acf_changed":false,"footnotes":""},"categories":[1],"tags":[],"class_list":["post-27952","post","type-post","status-publish","format-standard","has-post-thumbnail","hentry","category-bez-kategorii"],"acf":[],"_links":{"self":[{"href":"https:\/\/wpserwis.cfolks.pl\/r2\/wp-json\/wp\/v2\/posts\/27952","targetHints":{"allow":["GET"]}}],"collection":[{"href":"https:\/\/wpserwis.cfolks.pl\/r2\/wp-json\/wp\/v2\/posts"}],"about":[{"href":"https:\/\/wpserwis.cfolks.pl\/r2\/wp-json\/wp\/v2\/types\/post"}],"author":[{"embeddable":true,"href":"https:\/\/wpserwis.cfolks.pl\/r2\/wp-json\/wp\/v2\/users\/1"}],"replies":[{"embeddable":true,"href":"https:\/\/wpserwis.cfolks.pl\/r2\/wp-json\/wp\/v2\/comments?post=27952"}],"version-history":[{"count":0,"href":"https:\/\/wpserwis.cfolks.pl\/r2\/wp-json\/wp\/v2\/posts\/27952\/revisions"}],"wp:featuredmedia":[{"embeddable":true,"href":"https:\/\/wpserwis.cfolks.pl\/r2\/wp-json\/"}],"wp:attachment":[{"href":"https:\/\/wpserwis.cfolks.pl\/r2\/wp-json\/wp\/v2\/media?parent=27952"}],"wp:term":[{"taxonomy":"category","embeddable":true,"href":"https:\/\/wpserwis.cfolks.pl\/r2\/wp-json\/wp\/v2\/categories?post=27952"},{"taxonomy":"post_tag","embeddable":true,"href":"https:\/\/wpserwis.cfolks.pl\/r2\/wp-json\/wp\/v2\/tags?post=27952"}],"curies":[{"name":"wp","href":"https:\/\/api.w.org\/{rel}","templated":true}]}}