{"id":27963,"date":"2022-06-14T10:42:05","date_gmt":"2022-06-14T08:42:05","guid":{"rendered":"https:\/\/wtw.waw.pl\/?p=27963"},"modified":"2022-06-14T10:42:05","modified_gmt":"2022-06-14T08:42:05","slug":"mija-130-lat-od-tragicznego-wypadku-osemki-wtw","status":"publish","type":"post","link":"https:\/\/wpserwis.cfolks.pl\/r2\/mija-130-lat-od-tragicznego-wypadku-osemki-wtw\/","title":{"rendered":"MIJAJ\u0104 132 LATA OD TRAGICZNEGO WYPADKU \u00d3SEMKI WTW"},"content":{"rendered":"<p>Sto trzydzie\u015bci dwa lata temu, w dniu 15 czerwca 1890r. , na Wi\u015ble, mi\u0119dzy M\u0142ocinami a \u0141omiankami, wysoka fala przewr\u00f3ci\u0142a wio\u015blarsk\u0105 \u00f3semk\u0119 Warszawskiego Towarzystwa Wio\u015blarskiego. Trenuj\u0105ca za\u0142oga \u0142odzi znalaz\u0142a si\u0119 w wodzie.<br \/>\nPi\u0119ciu wio\u015blarzy uratowano , trzech uton\u0119\u0142o. Druhowie: Julian Bogus\u0142awski, Edmund Kozyrski i Kazimierz \u015awi\u0105tecki zostali pochowani we wsp\u00f3lnej mogile na Cmentarzu Pow\u0105zkowskim w Warszawie.<\/p>\n<p>Warszawskie Towarzystwo Wio\u015blarskie od 1890 roku opiekuje si\u0119 mogi\u0142\u0105. Namawiamy Wszystkich do odwiedzenia mogi\u0142y naszych \u015bw\/p. Druh\u00f3w. Pami\u0119tamy.<\/p>\n<p><em>Druhny i Druhowie z Ko\u0142a Senior\u00f3w i Jubilat\u00f3w WTW<\/em><\/p>\n<p>&nbsp;<\/p>\n<p>cytowany tekst w zdj\u0119ciu tytu\u0142owym: &#8222;Warszawskie Towarzystwo Wio\u015blarskie 1878-1939&#8221;, autor: Ryszard Lucjan Kobendza.<\/p>\n<p>&nbsp;<\/p>\n<p><a href=\"https:\/\/wpserwis.cfolks.pl\/r2\/mogila-stare-powazki\/\">Zobacz lokalizacj\u0119 mogi\u0142y na Cm. Pow\u0105zkowskim w Warszawie<\/a><\/p>\n<p>&nbsp;<\/p>\n<p>&nbsp;<\/p>\n<p>&nbsp;<\/p>\n<p>.<\/p>\n","protected":false},"excerpt":{"rendered":"<p>Sto trzydzie\u015bci dwa lata temu, w dniu 15 czerwca 1890r. , na Wi\u015ble, mi\u0119dzy M\u0142ocinami a \u0141omiankami, wysoka fala przewr\u00f3ci\u0142a wio\u015blarsk\u0105 \u00f3semk\u0119 Warszawskiego Towarzystwa Wio\u015blarskiego. Trenuj\u0105ca za\u0142oga \u0142odzi znalaz\u0142a si\u0119 w wodzie. Pi\u0119ciu wio\u015blarzy uratowano , trzech uton\u0119\u0142o. Druhowie: Julian Bogus\u0142awski, Edmund Kozyrski i Kazimierz \u015awi\u0105tecki zostali pochowani we wsp\u00f3lnej mogile na Cmentarzu Pow\u0105zkowskim w [&hellip;]<\/p>\n","protected":false},"author":1,"featured_media":27964,"comment_status":"closed","ping_status":"closed","sticky":false,"template":"","format":"standard","meta":{"_acf_changed":false,"footnotes":""},"categories":[1],"tags":[],"class_list":["post-27963","post","type-post","status-publish","format-standard","has-post-thumbnail","hentry","category-bez-kategorii"],"acf":[],"_links":{"self":[{"href":"https:\/\/wpserwis.cfolks.pl\/r2\/wp-json\/wp\/v2\/posts\/27963","targetHints":{"allow":["GET"]}}],"collection":[{"href":"https:\/\/wpserwis.cfolks.pl\/r2\/wp-json\/wp\/v2\/posts"}],"about":[{"href":"https:\/\/wpserwis.cfolks.pl\/r2\/wp-json\/wp\/v2\/types\/post"}],"author":[{"embeddable":true,"href":"https:\/\/wpserwis.cfolks.pl\/r2\/wp-json\/wp\/v2\/users\/1"}],"replies":[{"embeddable":true,"href":"https:\/\/wpserwis.cfolks.pl\/r2\/wp-json\/wp\/v2\/comments?post=27963"}],"version-history":[{"count":0,"href":"https:\/\/wpserwis.cfolks.pl\/r2\/wp-json\/wp\/v2\/posts\/27963\/revisions"}],"wp:featuredmedia":[{"embeddable":true,"href":"https:\/\/wpserwis.cfolks.pl\/r2\/wp-json\/"}],"wp:attachment":[{"href":"https:\/\/wpserwis.cfolks.pl\/r2\/wp-json\/wp\/v2\/media?parent=27963"}],"wp:term":[{"taxonomy":"category","embeddable":true,"href":"https:\/\/wpserwis.cfolks.pl\/r2\/wp-json\/wp\/v2\/categories?post=27963"},{"taxonomy":"post_tag","embeddable":true,"href":"https:\/\/wpserwis.cfolks.pl\/r2\/wp-json\/wp\/v2\/tags?post=27963"}],"curies":[{"name":"wp","href":"https:\/\/api.w.org\/{rel}","templated":true}]}}