{"id":27977,"date":"2022-06-21T16:42:20","date_gmt":"2022-06-21T14:42:20","guid":{"rendered":"https:\/\/wtw.waw.pl\/?p=27977"},"modified":"2022-06-21T16:42:20","modified_gmt":"2022-06-21T14:42:20","slug":"sekcja-amatorska-w-krakowie","status":"publish","type":"post","link":"https:\/\/wpserwis.cfolks.pl\/r2\/sekcja-amatorska-w-krakowie\/","title":{"rendered":"SEKCJA AMATORSKA WTW Z WIZYT\u0104 W KRAKOWIE"},"content":{"rendered":"<div class=\"cxmmr5t8 oygrvhab hcukyx3x c1et5uql o9v6fnle ii04i59q\">\n<div dir=\"auto\">W miniony weekend, zawodnicy Sekcji Amatorskiej pod wodza naszych trener\u00f3w : Marii Wierzbowskiej oraz Marcina Brzezi\u0144skiego, mieli okazj\u0119 pozwiedza\u0107 Krak\u00f3w i okolice z zupe\u0142nie innej perspektywy ni\u017c \u201czwyczajny turysta\u201d.<\/div>\n<div dir=\"auto\">&nbsp;<\/div>\n<\/div>\n<div class=\"cxmmr5t8 oygrvhab hcukyx3x c1et5uql o9v6fnle ii04i59q\">\n<div dir=\"auto\">By\u0142o du\u017co wios\u0142owania na spokojnej prawie jak jezioro Wi\u015ble, by\u0142a fotka pod Wawelem, warsztaty z robienia pizzy, spacer po Ojcowskim Parku Narodowym oraz ognisko z gitar\u0105 i \u015bpiewami.<\/div>\n<\/div>\n<div class=\"cxmmr5t8 oygrvhab hcukyx3x c1et5uql o9v6fnle ii04i59q\">\n<div dir=\"auto\">By\u0142o fantastycznie!<\/div>\n<\/div>\n<div dir=\"auto\">&nbsp;<\/div>\n<div dir=\"auto\">&nbsp;<\/div>\n<div dir=\"auto\">&nbsp;<\/div>\n<div dir=\"auto\">&nbsp;<\/div>\n<div dir=\"auto\">&nbsp;<\/div>\n<div dir=\"auto\">.<\/div>\n<div class=\"cxmmr5t8 oygrvhab hcukyx3x c1et5uql o9v6fnle ii04i59q\">&nbsp;<\/div>\n<div class=\"cxmmr5t8 oygrvhab hcukyx3x c1et5uql o9v6fnle ii04i59q\">\n<div dir=\"auto\">&nbsp;<\/div>\n<\/div>\n<div class=\"cxmmr5t8 oygrvhab hcukyx3x c1et5uql o9v6fnle ii04i59q\">\n<div dir=\"auto\">&nbsp;<\/div>\n<\/div>\n<div class=\"cxmmr5t8 oygrvhab hcukyx3x c1et5uql o9v6fnle ii04i59q\">\n<div dir=\"auto\">&nbsp;<\/div>\n<\/div>\n","protected":false},"excerpt":{"rendered":"<p>W miniony weekend, zawodnicy Sekcji Amatorskiej pod wodza naszych trener\u00f3w : Marii Wierzbowskiej oraz Marcina Brzezi\u0144skiego, mieli okazj\u0119 pozwiedza\u0107 Krak\u00f3w i okolice z zupe\u0142nie innej perspektywy ni\u017c \u201czwyczajny turysta\u201d. &nbsp; By\u0142o du\u017co wios\u0142owania na spokojnej prawie jak jezioro Wi\u015ble, by\u0142a fotka pod Wawelem, warsztaty z robienia pizzy, spacer po Ojcowskim Parku Narodowym oraz ognisko z [&hellip;]<\/p>\n","protected":false},"author":1,"featured_media":27979,"comment_status":"closed","ping_status":"closed","sticky":false,"template":"","format":"standard","meta":{"_acf_changed":false,"footnotes":""},"categories":[1],"tags":[],"class_list":["post-27977","post","type-post","status-publish","format-standard","has-post-thumbnail","hentry","category-bez-kategorii"],"acf":[],"_links":{"self":[{"href":"https:\/\/wpserwis.cfolks.pl\/r2\/wp-json\/wp\/v2\/posts\/27977","targetHints":{"allow":["GET"]}}],"collection":[{"href":"https:\/\/wpserwis.cfolks.pl\/r2\/wp-json\/wp\/v2\/posts"}],"about":[{"href":"https:\/\/wpserwis.cfolks.pl\/r2\/wp-json\/wp\/v2\/types\/post"}],"author":[{"embeddable":true,"href":"https:\/\/wpserwis.cfolks.pl\/r2\/wp-json\/wp\/v2\/users\/1"}],"replies":[{"embeddable":true,"href":"https:\/\/wpserwis.cfolks.pl\/r2\/wp-json\/wp\/v2\/comments?post=27977"}],"version-history":[{"count":0,"href":"https:\/\/wpserwis.cfolks.pl\/r2\/wp-json\/wp\/v2\/posts\/27977\/revisions"}],"wp:featuredmedia":[{"embeddable":true,"href":"https:\/\/wpserwis.cfolks.pl\/r2\/wp-json\/"}],"wp:attachment":[{"href":"https:\/\/wpserwis.cfolks.pl\/r2\/wp-json\/wp\/v2\/media?parent=27977"}],"wp:term":[{"taxonomy":"category","embeddable":true,"href":"https:\/\/wpserwis.cfolks.pl\/r2\/wp-json\/wp\/v2\/categories?post=27977"},{"taxonomy":"post_tag","embeddable":true,"href":"https:\/\/wpserwis.cfolks.pl\/r2\/wp-json\/wp\/v2\/tags?post=27977"}],"curies":[{"name":"wp","href":"https:\/\/api.w.org\/{rel}","templated":true}]}}