{"id":28020,"date":"2022-07-12T15:19:49","date_gmt":"2022-07-12T13:19:49","guid":{"rendered":"https:\/\/wtw.waw.pl\/?p=28020"},"modified":"2022-07-12T15:19:49","modified_gmt":"2022-07-12T13:19:49","slug":"podsumowanie-minionego-weekendu","status":"publish","type":"post","link":"https:\/\/wpserwis.cfolks.pl\/r2\/podsumowanie-minionego-weekendu\/","title":{"rendered":"PODSUMOWANIE MINIONEGO WEEKENDU"},"content":{"rendered":"<p>W miniony weekend kibicowali\u015bmy&nbsp; naszemu zawodnikowi, Piotrowi P\u0142omi\u0144skiemu, kt\u00f3ry \u015bciga\u0142 si\u0119 na M2x na III Pucharze \u015awiata w Lucernie. Piotr wraz z Szymonem Po\u015bnikiem, zako\u0144czyli rywalizacj\u0119 m\u0119skiej dw\u00f3jki na 15 miejscu (3 miejsce w finale C). Dla Piotrka by\u0142 to pierwszy start w Elicie, w konkurencji M2x.<\/p>\n<div dir=\"auto\">&nbsp;<\/div>\n<div dir=\"auto\">&nbsp;<\/div>\n<div dir=\"auto\"><span class=\"d2edcug0 hpfvmrgz qv66sw1b c1et5uql lr9zc1uh a8c37x1j fe6kdd0r mau55g9w c8b282yb keod5gw0 nxhoafnm aigsh9s9 d3f4x2em iv3no6db jq4qci2q a3bd9o3v b1v8xokw oo9gr5id hzawbc8m\" dir=\"auto\">Trzymali\u015bmy kciuki r\u00f3wnie\u017c za naszych&nbsp; Masters\u00f3w i Amator\u00f3w, kt\u00f3rzy w wi\u0119kszo\u015bci debiutowali, podczas II edycji Wio\u015blarskiej Ligii Amator\u00f3w, kt\u00f3ra odby\u0142a si\u0119 na pozna\u0144skiej Malcie .<\/span><\/div>\n<div dir=\"auto\">Startowa\u0142o ponad 100 zawodnik\u00f3w , w tym nasi uczestnicy, pod okiem trener\u00f3w sekcji amatorskiej: Marii Wierzbowskiej i Marcina Brzezi\u0144skiego.<\/div>\n<div dir=\"auto\">By\u0142o sportowo, towarzysko i z u\u015bmiechem, czyli tak jak lubimy .<\/div>\n<div class=\"cxmmr5t8 oygrvhab hcukyx3x c1et5uql o9v6fnle ii04i59q\">\n<div dir=\"auto\">&nbsp;<\/div>\n<\/div>\n<div class=\"cxmmr5t8 oygrvhab hcukyx3x c1et5uql o9v6fnle ii04i59q\">\n<div dir=\"auto\">Wyniki naszych Masters\u00f3w i Amator\u00f3w na II edycji Wio\u015blarskiej Ligii Amator\u00f3w:<\/div>\n<\/div>\n<div class=\"cxmmr5t8 oygrvhab hcukyx3x c1et5uql o9v6fnle ii04i59q\">\n<div dir=\"auto\"><span class=\"pq6dq46d tbxw36s4 knj5qynh kvgmc6g5 ditlmg2l oygrvhab nvdbi5me sf5mxxl7 gl3lb2sf hhz5lgdu\">Z\u0142oto<\/span> 2xMix&nbsp; (Edyta Czerwi\u0144ska-Nowak, Hans Koppen)<\/div>\n<\/div>\n<div class=\"cxmmr5t8 oygrvhab hcukyx3x c1et5uql o9v6fnle ii04i59q\">\n<div dir=\"auto\"><span class=\"pq6dq46d tbxw36s4 knj5qynh kvgmc6g5 ditlmg2l oygrvhab nvdbi5me sf5mxxl7 gl3lb2sf hhz5lgdu\">Br\u0105z<\/span> 4xMix (Wierzbowska Karolina, Martynik Izabela, Wro\u0144ski Mateusz, \u015awiata\u0142a Konrad)<\/div>\n<\/div>\n<div class=\"cxmmr5t8 oygrvhab hcukyx3x c1et5uql o9v6fnle ii04i59q\">\n<div dir=\"auto\"><span class=\"pq6dq46d tbxw36s4 knj5qynh kvgmc6g5 ditlmg2l oygrvhab nvdbi5me sf5mxxl7 gl3lb2sf hhz5lgdu\">Z\u0142oto<\/span> 1xK&nbsp; (Edyta Czerwi\u0144ska-Nowak)<\/div>\n<\/div>\n<div class=\"cxmmr5t8 oygrvhab hcukyx3x c1et5uql o9v6fnle ii04i59q\">\n<div dir=\"auto\"><span class=\"pq6dq46d tbxw36s4 knj5qynh kvgmc6g5 ditlmg2l oygrvhab nvdbi5me sf5mxxl7 gl3lb2sf hhz5lgdu\">Z\u0142oto<\/span> 4x Debiut&nbsp; (Hans Koppen, Leszek Kalinowski, Damian Czapli\u0144ski, Konrad \u015awita\u0142a)<\/div>\n<\/div>\n<div class=\"cxmmr5t8 oygrvhab hcukyx3x c1et5uql o9v6fnle ii04i59q\">\n<div dir=\"auto\"><span class=\"pq6dq46d tbxw36s4 knj5qynh kvgmc6g5 ditlmg2l oygrvhab nvdbi5me sf5mxxl7 gl3lb2sf hhz5lgdu\">Z\u0142oto<\/span> 4x Debiut&nbsp; ( Wierzbowska Karolina, Martynik Izabela, Agnieszka Radziszewska, Dorota Wro\u0144ska)<\/div>\n<\/div>\n<div dir=\"auto\">&nbsp;<\/div>\n<div class=\"cxmmr5t8 oygrvhab hcukyx3x c1et5uql o9v6fnle ii04i59q\">\n<div dir=\"auto\">Gratulujemy Wszystkim startuj\u0105cym i \u017cyczymy dalszych sukces\u00f3w .<\/div>\n<\/div>\n<div class=\"cxmmr5t8 oygrvhab hcukyx3x c1et5uql o9v6fnle ii04i59q\">&nbsp;<\/div>\n<div class=\"cxmmr5t8 oygrvhab hcukyx3x c1et5uql o9v6fnle ii04i59q\">\n<div dir=\"auto\">&nbsp;<\/div>\n<\/div>\n","protected":false},"excerpt":{"rendered":"<p>W miniony weekend kibicowali\u015bmy&nbsp; naszemu zawodnikowi, Piotrowi P\u0142omi\u0144skiemu, kt\u00f3ry \u015bciga\u0142 si\u0119 na M2x na III Pucharze \u015awiata w Lucernie. Piotr wraz z Szymonem Po\u015bnikiem, zako\u0144czyli rywalizacj\u0119 m\u0119skiej dw\u00f3jki na 15 miejscu (3 miejsce w finale C). Dla Piotrka by\u0142 to pierwszy start w Elicie, w konkurencji M2x. &nbsp; &nbsp; Trzymali\u015bmy kciuki r\u00f3wnie\u017c za naszych&nbsp; Masters\u00f3w [&hellip;]<\/p>\n","protected":false},"author":1,"featured_media":28021,"comment_status":"closed","ping_status":"closed","sticky":false,"template":"","format":"standard","meta":{"_acf_changed":false,"footnotes":""},"categories":[1],"tags":[],"class_list":["post-28020","post","type-post","status-publish","format-standard","has-post-thumbnail","hentry","category-bez-kategorii"],"acf":[],"_links":{"self":[{"href":"https:\/\/wpserwis.cfolks.pl\/r2\/wp-json\/wp\/v2\/posts\/28020","targetHints":{"allow":["GET"]}}],"collection":[{"href":"https:\/\/wpserwis.cfolks.pl\/r2\/wp-json\/wp\/v2\/posts"}],"about":[{"href":"https:\/\/wpserwis.cfolks.pl\/r2\/wp-json\/wp\/v2\/types\/post"}],"author":[{"embeddable":true,"href":"https:\/\/wpserwis.cfolks.pl\/r2\/wp-json\/wp\/v2\/users\/1"}],"replies":[{"embeddable":true,"href":"https:\/\/wpserwis.cfolks.pl\/r2\/wp-json\/wp\/v2\/comments?post=28020"}],"version-history":[{"count":0,"href":"https:\/\/wpserwis.cfolks.pl\/r2\/wp-json\/wp\/v2\/posts\/28020\/revisions"}],"wp:featuredmedia":[{"embeddable":true,"href":"https:\/\/wpserwis.cfolks.pl\/r2\/wp-json\/"}],"wp:attachment":[{"href":"https:\/\/wpserwis.cfolks.pl\/r2\/wp-json\/wp\/v2\/media?parent=28020"}],"wp:term":[{"taxonomy":"category","embeddable":true,"href":"https:\/\/wpserwis.cfolks.pl\/r2\/wp-json\/wp\/v2\/categories?post=28020"},{"taxonomy":"post_tag","embeddable":true,"href":"https:\/\/wpserwis.cfolks.pl\/r2\/wp-json\/wp\/v2\/tags?post=28020"}],"curies":[{"name":"wp","href":"https:\/\/api.w.org\/{rel}","templated":true}]}}