{"id":28052,"date":"2022-07-21T10:53:45","date_gmt":"2022-07-21T08:53:45","guid":{"rendered":"https:\/\/wtw.waw.pl\/?p=28052"},"modified":"2022-07-21T10:53:45","modified_gmt":"2022-07-21T08:53:45","slug":"mikolaj-kot-wystartuje-na-mistrzostwach-swiata-w-varese","status":"publish","type":"post","link":"https:\/\/wpserwis.cfolks.pl\/r2\/mikolaj-kot-wystartuje-na-mistrzostwach-swiata-w-varese\/","title":{"rendered":"MIKO\u0141AJ KOT WYSTARTUJE NA MISTRZOSTWACH \u015aWIATA W VARESE."},"content":{"rendered":"<div class=\"kvgmc6g5 cxmmr5t8 oygrvhab hcukyx3x c1et5uql ii04i59q\">\n<div dir=\"auto\">To ju\u017c jest oficjalna informacja.<\/div>\n<\/div>\n<div class=\"cxmmr5t8 oygrvhab hcukyx3x c1et5uql o9v6fnle ii04i59q\">\n<div dir=\"auto\">Nasz zawodnik Miko\u0142aj Kot zosta\u0142 powo\u0142any na wio\u015blarskie Mistrzostwa \u015awiata Junior\u00f3w (Varese, 2022)&nbsp;.<\/div>\n<\/div>\n<div class=\"cxmmr5t8 oygrvhab hcukyx3x c1et5uql o9v6fnle ii04i59q\">\n<div dir=\"auto\">Miko\u0142aj pop\u0142ynie w osadzie 4-MJ w sk\u0142adzie z Senderackim Konradem, Wachnickim Arkadiuszem oraz Koz\u0142owskim Mateuszem.<\/div>\n<\/div>\n<div class=\"cxmmr5t8 oygrvhab hcukyx3x c1et5uql o9v6fnle ii04i59q\">\n<div dir=\"auto\">&nbsp;<\/div>\n<div dir=\"auto\">Ju\u017c w przysz\u0142ym tygodniu czeka nas masa emocji zwi\u0105zana ze startami Bia\u0142o-Czerwonych, w tym Miko\u0142aja.<\/div>\n<\/div>\n<div class=\"cxmmr5t8 oygrvhab hcukyx3x c1et5uql o9v6fnle ii04i59q\">\n<div dir=\"auto\">Mistrzostwa \u015awiata odbywa\u0107 si\u0119 b\u0119d\u0105 w dniach 25 &#8211; 31 lipca 2022r.<\/div>\n<div dir=\"auto\">&nbsp;<\/div>\n<div dir=\"auto\">Jeste\u015bmy DUMNI i KIBICUJEMY.<\/div>\n<\/div>\n<div dir=\"auto\">&nbsp;<\/div>\n<div dir=\"auto\">&nbsp;<\/div>\n<div dir=\"auto\">&nbsp;<\/div>\n<div dir=\"auto\">&nbsp;<\/div>\n<div dir=\"auto\">&nbsp;<\/div>\n<div dir=\"auto\">.<\/div>\n<div dir=\"auto\">&nbsp;<\/div>\n","protected":false},"excerpt":{"rendered":"<p>To ju\u017c jest oficjalna informacja. Nasz zawodnik Miko\u0142aj Kot zosta\u0142 powo\u0142any na wio\u015blarskie Mistrzostwa \u015awiata Junior\u00f3w (Varese, 2022)&nbsp;. Miko\u0142aj pop\u0142ynie w osadzie 4-MJ w sk\u0142adzie z Senderackim Konradem, Wachnickim Arkadiuszem oraz Koz\u0142owskim Mateuszem. &nbsp; Ju\u017c w przysz\u0142ym tygodniu czeka nas masa emocji zwi\u0105zana ze startami Bia\u0142o-Czerwonych, w tym Miko\u0142aja. Mistrzostwa \u015awiata odbywa\u0107 si\u0119 b\u0119d\u0105 w [&hellip;]<\/p>\n","protected":false},"author":1,"featured_media":28053,"comment_status":"closed","ping_status":"closed","sticky":false,"template":"","format":"standard","meta":{"_acf_changed":false,"footnotes":""},"categories":[1],"tags":[],"class_list":["post-28052","post","type-post","status-publish","format-standard","has-post-thumbnail","hentry","category-bez-kategorii"],"acf":[],"_links":{"self":[{"href":"https:\/\/wpserwis.cfolks.pl\/r2\/wp-json\/wp\/v2\/posts\/28052","targetHints":{"allow":["GET"]}}],"collection":[{"href":"https:\/\/wpserwis.cfolks.pl\/r2\/wp-json\/wp\/v2\/posts"}],"about":[{"href":"https:\/\/wpserwis.cfolks.pl\/r2\/wp-json\/wp\/v2\/types\/post"}],"author":[{"embeddable":true,"href":"https:\/\/wpserwis.cfolks.pl\/r2\/wp-json\/wp\/v2\/users\/1"}],"replies":[{"embeddable":true,"href":"https:\/\/wpserwis.cfolks.pl\/r2\/wp-json\/wp\/v2\/comments?post=28052"}],"version-history":[{"count":0,"href":"https:\/\/wpserwis.cfolks.pl\/r2\/wp-json\/wp\/v2\/posts\/28052\/revisions"}],"wp:featuredmedia":[{"embeddable":true,"href":"https:\/\/wpserwis.cfolks.pl\/r2\/wp-json\/"}],"wp:attachment":[{"href":"https:\/\/wpserwis.cfolks.pl\/r2\/wp-json\/wp\/v2\/media?parent=28052"}],"wp:term":[{"taxonomy":"category","embeddable":true,"href":"https:\/\/wpserwis.cfolks.pl\/r2\/wp-json\/wp\/v2\/categories?post=28052"},{"taxonomy":"post_tag","embeddable":true,"href":"https:\/\/wpserwis.cfolks.pl\/r2\/wp-json\/wp\/v2\/tags?post=28052"}],"curies":[{"name":"wp","href":"https:\/\/api.w.org\/{rel}","templated":true}]}}