{"id":28070,"date":"2022-08-02T12:15:18","date_gmt":"2022-08-02T10:15:18","guid":{"rendered":"https:\/\/wtw.waw.pl\/?p=28070"},"modified":"2022-08-02T12:15:18","modified_gmt":"2022-08-02T10:15:18","slug":"5-miejsce-w-finale-c-dla-mikolaja-kota","status":"publish","type":"post","link":"https:\/\/wpserwis.cfolks.pl\/r2\/5-miejsce-w-finale-c-dla-mikolaja-kota\/","title":{"rendered":"MISTRZOSTWA \u015aWIATA JUNIOR\u00d3W &#8211; MIKO\u0141AJ KOT PI\u0104TY W FINALE C"},"content":{"rendered":"<div class=\"kvgmc6g5 cxmmr5t8 oygrvhab hcukyx3x c1et5uql ii04i59q\">\n<div dir=\"auto\">W minion\u0105 niedziel\u0119 nasz zawodnik Miko\u0142aj Kot zako\u0144czy\u0142 rywalizacj\u0119 na Mistrzostwach \u015awiata Junior\u00f3w we w\u0142oskim Varese. Wraz z kolegami z 4- zaj\u0119li 17-t\u0105 lokat\u0119 ( 5 miejsce w finale C).<\/div>\n<div dir=\"auto\">&nbsp;<\/div>\n<div dir=\"auto\">Warto przypomnie\u0107, \u017ce chwil\u0119 wcze\u015bniej Miko\u0142aj bra\u0142 udzia\u0142 w Mistrzostwach Polski Junior\u00f3w, gdzie zdoby\u0142 dwa <span class=\"pq6dq46d tbxw36s4 knj5qynh kvgmc6g5 ditlmg2l oygrvhab nvdbi5me sf5mxxl7 gl3lb2sf hhz5lgdu\">z\u0142ote medale<\/span>.<\/div>\n<\/div>\n<div class=\"cxmmr5t8 oygrvhab hcukyx3x c1et5uql o9v6fnle ii04i59q\">\n<div dir=\"auto\">&nbsp;<\/div>\n<div dir=\"auto\">By\u0142 to \u015bwietny, rozwojowy rok dla naszego zawodnika. Po raz pierwszy wystartowa\u0142, w tak du\u017cej imprezie jak Mistrzostwa \u015awiata .<\/div>\n<\/div>\n<div class=\"cxmmr5t8 oygrvhab hcukyx3x c1et5uql o9v6fnle ii04i59q\">\n<div dir=\"auto\">Gratulujemy ca\u0142ego wio\u015blarskiego sezonu!<\/div>\n<\/div>\n<div dir=\"auto\">&nbsp;<\/div>\n<div dir=\"auto\">&nbsp;<\/div>\n<div dir=\"auto\">&nbsp;<\/div>\n<div dir=\"auto\">&nbsp;<\/div>\n<div dir=\"auto\">&nbsp;<\/div>\n<div dir=\"auto\">.<\/div>\n<div class=\"cxmmr5t8 oygrvhab hcukyx3x c1et5uql o9v6fnle ii04i59q\">\n<div dir=\"auto\">&nbsp;<\/div>\n<\/div>\n","protected":false},"excerpt":{"rendered":"<p>W minion\u0105 niedziel\u0119 nasz zawodnik Miko\u0142aj Kot zako\u0144czy\u0142 rywalizacj\u0119 na Mistrzostwach \u015awiata Junior\u00f3w we w\u0142oskim Varese. Wraz z kolegami z 4- zaj\u0119li 17-t\u0105 lokat\u0119 ( 5 miejsce w finale C). &nbsp; Warto przypomnie\u0107, \u017ce chwil\u0119 wcze\u015bniej Miko\u0142aj bra\u0142 udzia\u0142 w Mistrzostwach Polski Junior\u00f3w, gdzie zdoby\u0142 dwa z\u0142ote medale. &nbsp; By\u0142 to \u015bwietny, rozwojowy rok dla [&hellip;]<\/p>\n","protected":false},"author":1,"featured_media":28073,"comment_status":"closed","ping_status":"closed","sticky":false,"template":"","format":"standard","meta":{"_acf_changed":false,"footnotes":""},"categories":[1],"tags":[],"class_list":["post-28070","post","type-post","status-publish","format-standard","has-post-thumbnail","hentry","category-bez-kategorii"],"acf":[],"_links":{"self":[{"href":"https:\/\/wpserwis.cfolks.pl\/r2\/wp-json\/wp\/v2\/posts\/28070","targetHints":{"allow":["GET"]}}],"collection":[{"href":"https:\/\/wpserwis.cfolks.pl\/r2\/wp-json\/wp\/v2\/posts"}],"about":[{"href":"https:\/\/wpserwis.cfolks.pl\/r2\/wp-json\/wp\/v2\/types\/post"}],"author":[{"embeddable":true,"href":"https:\/\/wpserwis.cfolks.pl\/r2\/wp-json\/wp\/v2\/users\/1"}],"replies":[{"embeddable":true,"href":"https:\/\/wpserwis.cfolks.pl\/r2\/wp-json\/wp\/v2\/comments?post=28070"}],"version-history":[{"count":0,"href":"https:\/\/wpserwis.cfolks.pl\/r2\/wp-json\/wp\/v2\/posts\/28070\/revisions"}],"wp:featuredmedia":[{"embeddable":true,"href":"https:\/\/wpserwis.cfolks.pl\/r2\/wp-json\/"}],"wp:attachment":[{"href":"https:\/\/wpserwis.cfolks.pl\/r2\/wp-json\/wp\/v2\/media?parent=28070"}],"wp:term":[{"taxonomy":"category","embeddable":true,"href":"https:\/\/wpserwis.cfolks.pl\/r2\/wp-json\/wp\/v2\/categories?post=28070"},{"taxonomy":"post_tag","embeddable":true,"href":"https:\/\/wpserwis.cfolks.pl\/r2\/wp-json\/wp\/v2\/tags?post=28070"}],"curies":[{"name":"wp","href":"https:\/\/api.w.org\/{rel}","templated":true}]}}