{"id":28121,"date":"2022-08-17T09:17:50","date_gmt":"2022-08-17T07:17:50","guid":{"rendered":"https:\/\/wtw.waw.pl\/?p=28121"},"modified":"2022-08-17T09:17:50","modified_gmt":"2022-08-17T07:17:50","slug":"siodme-miejsce-piotra-plominskiego-na-mistrzostwach-europy-w-monachium","status":"publish","type":"post","link":"https:\/\/wpserwis.cfolks.pl\/r2\/siodme-miejsce-piotra-plominskiego-na-mistrzostwach-europy-w-monachium\/","title":{"rendered":"SI\u00d3DME MIEJSCE PIOTRA P\u0141OMI\u0143SKIEGO NA MISTRZOSTWACH EUROPY W MONACHIUM"},"content":{"rendered":"<p>W minion\u0105 niedziel\u0119, zako\u0144czy\u0142y si\u0119 wio\u015blarskie Mistrzostwa Europy w Monachium.&nbsp; Nasz zawodnik Piotr P\u0142omi\u0144ski wraz z z partnerem na dw\u00f3jce podw\u00f3jnej Szymonem Po\u015bnikiem, zaj\u0119li pierwsze miejsce w Finale B&nbsp; i&nbsp; ostatecznie uplasowali si\u0119 na si\u00f3dmym miejscu w klasyfikacji generalnej.<\/p>\n<p>Gratulujemy wyniku i \u017cyczymy dalszych sukces\u00f3w, bo przed Piotrem impreza sezonu, Mistrzostwa \u015awiata w czeskich Racicach 18-25.09<\/p>\n<p>&nbsp;<\/p>\n<p>fot.www.pztw.pl<\/p>\n<p>&nbsp;<\/p>\n<p>&nbsp;<\/p>\n<p>&nbsp;<\/p>\n<p>&nbsp;<\/p>\n<p>.<\/p>\n","protected":false},"excerpt":{"rendered":"<p>W minion\u0105 niedziel\u0119, zako\u0144czy\u0142y si\u0119 wio\u015blarskie Mistrzostwa Europy w Monachium.&nbsp; Nasz zawodnik Piotr P\u0142omi\u0144ski wraz z z partnerem na dw\u00f3jce podw\u00f3jnej Szymonem Po\u015bnikiem, zaj\u0119li pierwsze miejsce w Finale B&nbsp; i&nbsp; ostatecznie uplasowali si\u0119 na si\u00f3dmym miejscu w klasyfikacji generalnej. Gratulujemy wyniku i \u017cyczymy dalszych sukces\u00f3w, bo przed Piotrem impreza sezonu, Mistrzostwa \u015awiata w czeskich Racicach [&hellip;]<\/p>\n","protected":false},"author":1,"featured_media":28124,"comment_status":"closed","ping_status":"closed","sticky":false,"template":"","format":"standard","meta":{"_acf_changed":false,"footnotes":""},"categories":[1],"tags":[],"class_list":["post-28121","post","type-post","status-publish","format-standard","has-post-thumbnail","hentry","category-bez-kategorii"],"acf":[],"_links":{"self":[{"href":"https:\/\/wpserwis.cfolks.pl\/r2\/wp-json\/wp\/v2\/posts\/28121","targetHints":{"allow":["GET"]}}],"collection":[{"href":"https:\/\/wpserwis.cfolks.pl\/r2\/wp-json\/wp\/v2\/posts"}],"about":[{"href":"https:\/\/wpserwis.cfolks.pl\/r2\/wp-json\/wp\/v2\/types\/post"}],"author":[{"embeddable":true,"href":"https:\/\/wpserwis.cfolks.pl\/r2\/wp-json\/wp\/v2\/users\/1"}],"replies":[{"embeddable":true,"href":"https:\/\/wpserwis.cfolks.pl\/r2\/wp-json\/wp\/v2\/comments?post=28121"}],"version-history":[{"count":0,"href":"https:\/\/wpserwis.cfolks.pl\/r2\/wp-json\/wp\/v2\/posts\/28121\/revisions"}],"wp:featuredmedia":[{"embeddable":true,"href":"https:\/\/wpserwis.cfolks.pl\/r2\/wp-json\/"}],"wp:attachment":[{"href":"https:\/\/wpserwis.cfolks.pl\/r2\/wp-json\/wp\/v2\/media?parent=28121"}],"wp:term":[{"taxonomy":"category","embeddable":true,"href":"https:\/\/wpserwis.cfolks.pl\/r2\/wp-json\/wp\/v2\/categories?post=28121"},{"taxonomy":"post_tag","embeddable":true,"href":"https:\/\/wpserwis.cfolks.pl\/r2\/wp-json\/wp\/v2\/tags?post=28121"}],"curies":[{"name":"wp","href":"https:\/\/api.w.org\/{rel}","templated":true}]}}